{"id":126559,"date":"2025-03-28T16:21:55","date_gmt":"2025-03-28T19:21:55","guid":{"rendered":"https:\/\/www.actualidadadiario.com\/?p=126559"},"modified":"2025-03-28T16:21:55","modified_gmt":"2025-03-28T19:21:55","slug":"el-papa-ahora-mas-saludable-reza-por-las-victimas-del-terremoto","status":"publish","type":"post","link":"https:\/\/www.actualidadadiario.com\/index.php\/2025\/03\/28\/el-papa-ahora-mas-saludable-reza-por-las-victimas-del-terremoto\/","title":{"rendered":"El Papa, ahora m\u00e1s saludable, reza por las v\u00edctimas del terremoto"},"content":{"rendered":"<p style=\"text-align: center;\"><em><strong>As\u00ed lo inform\u00f3 el Vaticano, que ofreci\u00f3 adem\u00e1s un cronograma de las actividades de Francisco<\/strong><\/em><\/p>\n<p>&nbsp;<\/p>\n<p>&nbsp;<\/p>\n<p>El Papa se siente mejor y reza por las v\u00edctimas del terremoto con epicentro en Myanmar, inform\u00f3 este viernes la Oficina de Prensa de la Santa Sede.<\/p>\n<p>Convaleciente en Santa Marta, Francisco se someti\u00f3 el mi\u00e9rcoles a an\u00e1lisis de sangre y los valores resultaron normales, ampl\u00eda la informaci\u00f3n vaticana.<\/p>\n<p>Tambi\u00e9n se registraron &#8220;ligeras mejor\u00edas&#8221; en la motricidad y la respiraci\u00f3n del Sumo Pont\u00edfice.<\/p>\n<p>Incluso progres\u00f3 en el uso de la palabra, ya pasados los 38 d\u00edas de hospitalizaci\u00f3n en el hospital Policl\u00ednico Gemelli.<\/p>\n<p>&nbsp;<\/p>\n<p><strong>Fue informado del terremoto<\/strong><\/p>\n<p>&#8220;El Papa ha sido informado del terremoto en Myanmar y reza por las numerosas v\u00edctimas&#8221;, inform\u00f3 la Oficina de Prensa de la Santa Sede, que actualiza el estado de salud del Pont\u00edfice.<\/p>\n<p>En cuanto a la salud de Francisco, continuaba la reducci\u00f3n gradual de la oxigenaci\u00f3n de alto flujo con c\u00e1nulas nasales durante el d\u00eda, que ha comenzado tambi\u00e9n por la noche.<\/p>\n<p>Las jornadas del Papa en la segunda planta de la Domus vaticana transcurren entre terapias, oraciones, descanso y algo de trabajo, con el env\u00edo de documentaci\u00f3n por parte de los Dicasterios.<\/p>\n<p>Concelebra misa, no recibe visitas y el domingo no aparecer\u00e1 en el \u00c1ngelus<\/p>\n<p>Todos los d\u00edas Francisco concelebra misa en la capilla privada de la segunda planta de Santa Marta y el ambiente es bueno.<\/p>\n<p>De momento no recibe visitas y est\u00e1 rodeado del equipo m\u00e9dico y sanitario que le asiste las 24 horas del d\u00eda y atiende sus necesidades. Presentes, por supuesto, est\u00e1n las secretarias especiales.<\/p>\n<p>\u201cDesde la distancia Francisco -como hab\u00eda hecho en el Gemelli con los Ejercicios Espirituales de Cuaresma- sigui\u00f3 esta ma\u00f1ana en el Aula Pablo VI el serm\u00f3n del viernes pronunciado por el padre Roberto Pasolini, predicador de la Casa Pontificia&#8221;, se comunic\u00f3.<\/p>\n<p>El informe continu\u00f3: &#8220;En cuanto a la programaci\u00f3n para los pr\u00f3ximos d\u00edas, el \u00c1ngelus del domingo se difundir\u00e1 como en los anteriores, con la publicaci\u00f3n del texto escrito de la meditaci\u00f3n&#8221;.<\/p>\n<p>&#8220;Por el momento no se esperan novedades, como una aparici\u00f3n del Pont\u00edfice, como ocurri\u00f3 el domingo pasado, d\u00eda de su salida del hospital&#8221;, agreg\u00f3 el Vaticano.<\/p>\n","protected":false},"excerpt":{"rendered":"<p>As\u00ed lo inform\u00f3 el Vaticano, que ofreci\u00f3 adem\u00e1s un cronograma de las actividades de Francisco &nbsp; &nbsp; El Papa se siente mejor y reza por las v\u00edctimas del terremoto con epicentro en Myanmar, inform\u00f3 este viernes la Oficina de Prensa de la Santa Sede. Convaleciente en Santa Marta, Francisco se someti\u00f3 el mi\u00e9rcoles a an\u00e1lisis de sangre y los valores resultaron normales, ampl\u00eda la informaci\u00f3n vaticana. Tambi\u00e9n se registraron &#8220;ligeras mejor\u00edas&#8221; en la motricidad y la respiraci\u00f3n del Sumo Pont\u00edfice. Incluso progres\u00f3 en el uso de la palabra, ya pasados&#8230;<\/p>\n","protected":false},"author":3,"featured_media":122989,"comment_status":"closed","ping_status":"closed","sticky":false,"template":"","format":"standard","meta":[],"categories":[4],"tags":[],"_links":{"self":[{"href":"https:\/\/www.actualidadadiario.com\/index.php\/wp-json\/wp\/v2\/posts\/126559"}],"collection":[{"href":"https:\/\/www.actualidadadiario.com\/index.php\/wp-json\/wp\/v2\/posts"}],"about":[{"href":"https:\/\/www.actualidadadiario.com\/index.php\/wp-json\/wp\/v2\/types\/post"}],"author":[{"embeddable":true,"href":"https:\/\/www.actualidadadiario.com\/index.php\/wp-json\/wp\/v2\/users\/3"}],"replies":[{"embeddable":true,"href":"https:\/\/www.actualidadadiario.com\/index.php\/wp-json\/wp\/v2\/comments?post=126559"}],"version-history":[{"count":1,"href":"https:\/\/www.actualidadadiario.com\/index.php\/wp-json\/wp\/v2\/posts\/126559\/revisions"}],"predecessor-version":[{"id":126560,"href":"https:\/\/www.actualidadadiario.com\/index.php\/wp-json\/wp\/v2\/posts\/126559\/revisions\/126560"}],"wp:featuredmedia":[{"embeddable":true,"href":"https:\/\/www.actualidadadiario.com\/index.php\/wp-json\/wp\/v2\/media\/122989"}],"wp:attachment":[{"href":"https:\/\/www.actualidadadiario.com\/index.php\/wp-json\/wp\/v2\/media?parent=126559"}],"wp:term":[{"taxonomy":"category","embeddable":true,"href":"https:\/\/www.actualidadadiario.com\/index.php\/wp-json\/wp\/v2\/categories?post=126559"},{"taxonomy":"post_tag","embeddable":true,"href":"https:\/\/www.actualidadadiario.com\/index.php\/wp-json\/wp\/v2\/tags?post=126559"}],"curies":[{"name":"wp","href":"https:\/\/api.w.org\/{rel}","templated":true}]}}