{"id":126542,"date":"2025-03-28T15:59:19","date_gmt":"2025-03-28T18:59:19","guid":{"rendered":"https:\/\/www.actualidadadiario.com\/?p=126542"},"modified":"2025-03-28T15:59:19","modified_gmt":"2025-03-28T18:59:19","slug":"deja-de-decir-estupideces-cristina-volvio-a-cruzar-a-javier-milei","status":"publish","type":"post","link":"https:\/\/www.actualidadadiario.com\/index.php\/2025\/03\/28\/deja-de-decir-estupideces-cristina-volvio-a-cruzar-a-javier-milei\/","title":{"rendered":"&#8220;Dej\u00e1 de decir estupideces&#8221;: Cristina volvi\u00f3 a cruzar a Javier Milei"},"content":{"rendered":"<p style=\"text-align: center;\"><em><strong>Cristina Kirchner apunt\u00f3 contra Javier Milei, despu\u00e9s de que el presidente asegur\u00f3 que \u201cir\u00e1 presa\u201d. Tild\u00f3 a Luis Caputo de \u201ccachivate\u201d, tras el acuerdo con el FMI<\/strong><\/em><\/p>\n<p>&nbsp;<\/p>\n<p>&nbsp;<\/p>\n<p>Cristina Kirchner cruz\u00f3 este viernes al presidente Javier Milei, quien asegur\u00f3 que la exmandataria \u201cir\u00e1 presa\u201d y por la Causa Vialidad. Seg\u00fan el jefe de Estado, en el pa\u00eds \u201cno faltan d\u00f3lares, sino presos\u201d. Fern\u00e1ndez de Kirchner no tard\u00f3 en reaccionar y respondi\u00f3 con dureza: <em>\u201cDej\u00e1 de decir estupideces\u201d.<\/em><\/p>\n<p><em>\u201cVos\u2026 \u00a1Que sos el presidente!&#8230; despu\u00e9s de mi posteo sobre el anuncio de Caputo, saliste por radio, muy\u2026 pero muy sacado anunciando a los gritos \u2018que voy a ir presa\u2019 y que \u2018ac\u00e1 la cuesti\u00f3n es que faltan pesos, no que faltan d\u00f3lares\u2019&#8221;,<\/em> se\u00f1al\u00f3 la titular del Partido Justicialista en X.<\/p>\n<p><em>\u201cMilei\u2026 el problema no soy yo. El problema es de fondo y con el Fondo&#8221;, dijo en relaci\u00f3n con el acuerdo con el FMI que anunci\u00f3 este jueves el ministro de Econom\u00eda, Luis Caputo, a quien tild\u00f3 de \u201ccachivache\u201d.<\/em> Al tiempo, continu\u00f3: <em>&#8220;\u00bfY c\u00f3mo que lo que faltan son pesos? \u00bfQu\u00e9 le est\u00e1s pidiendo al Fondo? \u00bfPesos o d\u00f3lares? Dale hermano&#8221;! Deja de decir estupideces\u201d. Para ella, el acuerdo \u201cno va a funcionar\u201d como \u201cno funcion\u00f3 ninguno\u201d anterior, y asegur\u00f3 que los d\u00f3lares que consiga solo le van a servir para \u201ccomprar tiempo\u201d.<\/em><\/p>\n<p><em>\u201cLos d\u00f3lares del Fondo Monetario te van a servir solo por un rato. Pedirle ayuda a tus amigos del norte compra tiempo\u2026 pero muy poco. Tener una Corte adicta que ataque a los opositores capaz que te da un tiempito m\u00e1s\u2026\u201d,<\/em> arremeti\u00f3. <em>\u201cPero un d\u00eda Milei\u2026 la realidad te va a alcanzar y eso vos lo sabes bien\u2026 sobre todo en un pa\u00eds cada vez m\u00e1s empobrecido y cada vez m\u00e1s harto de este circo en el que has convertido la Argentina\u201d.<\/em><\/p>\n<p><em>&#8220;Unas horas despu\u00e9s, en vivo y en directo, la vocera de ese mismo organismo, enfri\u00f3 el anuncio\u2026 no s\u00f3lo no confirm\u00f3 la cifra comunicada, sino que, adem\u00e1s, dijo que los desembolsos van a ser en tramos. Como siempre\u2026 el el Toto muy cachivache&#8221;,<\/em> dispar\u00f3 la expresidenta, que asegur\u00f3 que el d\u00eda de ayer fue <em>\u201cel primer d\u00eda del desgobierno\u201d<\/em> de Milei.<\/p>\n<p>Para la presidenta del PJ, <em>\u201ccon el Fondo no hay plan de desarrollo ni d\u00f3lares que te alcancen\u2026. solo ajuste, endeudamiento y negocios para unos pocos. Y vos lo sab\u00e9s muy bien\u2026 Con el Fondo no hay horizonte de nada\u201d.<\/em><\/p>\n<p><em>\u201cY como no pueden defenderlo, hacen lo \u00fanico que saben hacer: gritar \u201cpresa, presa, presa\u201d\u2026<\/em> <em>\u201cLa bala no les sali\u00f3 y por eso insisten con el grito con el que quieren tapar el saqueo a la Naci\u00f3n y la miseria para el pueblo argentino\u201d,<\/em> dijo haciendo referencia al atentado contra su vida del 1 de septiembre del 2022.<\/p>\n<p><em>\u201cY, adem\u00e1s, lo hacen en perfecta coordinaci\u00f3n con la C\u00e1mara de Casaci\u00f3n macrista que dicta un fallo sin pruebas y sin derecho; y con el ex Senador y actual Secretario de Estado estadounidense, Marco Rubio, que impone, a m\u00ed y a mis hijos, la ins\u00f3lita y rid\u00edcula prohibici\u00f3n de ingreso a los EEUU\u201d,<\/em> sigui\u00f3.<\/p>\n<p>Luego continu\u00f3 sus embates contra Milei a quien acus\u00f3 de designar <em>\u201ca dedo\u201d<\/em> a Manuel Garc\u00eda-Mansilla como juez de la Corte Suprema, con el objetivo de <em>\u201clograr la mayor\u00eda autom\u00e1tica y cumplir su verdadero objetivo: callar la oposici\u00f3n al saqueo\u201d.<\/em><\/p>\n<p>\u201cEsta es la \u2018Rep\u00fablica\u2019 en min\u00fasculas que defendes: con jueces a dedo, causas armadas y sentencias escritas antes de empezar el juicio. \u00a1Se te nota Milei!\u201d, lanz\u00f3, utilizando otro de sus cl\u00e1sicos latiguillos contra el presidente. En la postdata del mensaje, inst\u00f3 a Milei a que \u201cproceda\u201d con su plan de endeudamiento y silenciamiento de la oposici\u00f3n pol\u00edtica.<\/p>\n<p>En una segunda postdata, le record\u00f3 que <em>\u201cMaradona, Garc\u00eda M\u00e1rquez y hasta Mandela tambi\u00e9n tuvieron prohibici\u00f3n de ingresar a los Estados Unidos\u2026 Y a Carlitos Chaplin directamente lo echaron\u201d. \u201cNo sabes lo bien que se siente estar del lado correcto de la vida y de la historia&#8221;, <\/em>subray\u00f3.<\/p>\n<p>Apunt\u00f3 contra el portavoz presidencial y recientemente designado primer candidato a legislador porte\u00f1o de La Libertad Avanza, Manuel Adorni, de quien dijo que estuvo <em>\u201cbalbuceante en su conferencia de prensa sin saber qu\u00e9 decir sobre el pr\u00e9stamo del Fondo\u201d.<\/em> Tambi\u00e9n carg\u00f3 contra el diputado nacional y candidato libertario para la provincia de Buenos Aires Jos\u00e9 Luis Espert, de quien se mof\u00f3 por las <em>\u201csumas y restas desopilantes\u201d<\/em> que hizo en un programa televisivo cuando le preguntaron sobre el pr\u00e9stamo del FMI. <em>\u201cEso s\u00ed\u2026 una buena escuela primaria por ah\u00ed por favor\u2026 para todos y todas\u201d<\/em>, ironiz\u00f3.<\/p>\n","protected":false},"excerpt":{"rendered":"<p>Cristina Kirchner apunt\u00f3 contra Javier Milei, despu\u00e9s de que el presidente asegur\u00f3 que \u201cir\u00e1 presa\u201d. Tild\u00f3 a Luis Caputo de \u201ccachivate\u201d, tras el acuerdo con el FMI &nbsp; &nbsp; Cristina Kirchner cruz\u00f3 este viernes al presidente Javier Milei, quien asegur\u00f3 que la exmandataria \u201cir\u00e1 presa\u201d y por la Causa Vialidad. Seg\u00fan el jefe de Estado, en el pa\u00eds \u201cno faltan d\u00f3lares, sino presos\u201d. Fern\u00e1ndez de Kirchner no tard\u00f3 en reaccionar y respondi\u00f3 con dureza: \u201cDej\u00e1 de decir estupideces\u201d. \u201cVos\u2026 \u00a1Que sos el presidente!&#8230; despu\u00e9s de mi posteo sobre el anuncio&#8230;<\/p>\n","protected":false},"author":3,"featured_media":126543,"comment_status":"closed","ping_status":"closed","sticky":false,"template":"","format":"standard","meta":[],"categories":[18],"tags":[],"_links":{"self":[{"href":"https:\/\/www.actualidadadiario.com\/index.php\/wp-json\/wp\/v2\/posts\/126542"}],"collection":[{"href":"https:\/\/www.actualidadadiario.com\/index.php\/wp-json\/wp\/v2\/posts"}],"about":[{"href":"https:\/\/www.actualidadadiario.com\/index.php\/wp-json\/wp\/v2\/types\/post"}],"author":[{"embeddable":true,"href":"https:\/\/www.actualidadadiario.com\/index.php\/wp-json\/wp\/v2\/users\/3"}],"replies":[{"embeddable":true,"href":"https:\/\/www.actualidadadiario.com\/index.php\/wp-json\/wp\/v2\/comments?post=126542"}],"version-history":[{"count":1,"href":"https:\/\/www.actualidadadiario.com\/index.php\/wp-json\/wp\/v2\/posts\/126542\/revisions"}],"predecessor-version":[{"id":126544,"href":"https:\/\/www.actualidadadiario.com\/index.php\/wp-json\/wp\/v2\/posts\/126542\/revisions\/126544"}],"wp:featuredmedia":[{"embeddable":true,"href":"https:\/\/www.actualidadadiario.com\/index.php\/wp-json\/wp\/v2\/media\/126543"}],"wp:attachment":[{"href":"https:\/\/www.actualidadadiario.com\/index.php\/wp-json\/wp\/v2\/media?parent=126542"}],"wp:term":[{"taxonomy":"category","embeddable":true,"href":"https:\/\/www.actualidadadiario.com\/index.php\/wp-json\/wp\/v2\/categories?post=126542"},{"taxonomy":"post_tag","embeddable":true,"href":"https:\/\/www.actualidadadiario.com\/index.php\/wp-json\/wp\/v2\/tags?post=126542"}],"curies":[{"name":"wp","href":"https:\/\/api.w.org\/{rel}","templated":true}]}}