{"id":126539,"date":"2025-03-28T15:58:15","date_gmt":"2025-03-28T18:58:15","guid":{"rendered":"https:\/\/www.actualidadadiario.com\/?p=126539"},"modified":"2025-03-28T15:58:15","modified_gmt":"2025-03-28T18:58:15","slug":"milei-hablo-del-escandalo-libra-y-aseguro-que-la-motosierra-es-un-emblema-de-la-nueva-era-dorada-de-la-humanidad","status":"publish","type":"post","link":"https:\/\/www.actualidadadiario.com\/index.php\/2025\/03\/28\/milei-hablo-del-escandalo-libra-y-aseguro-que-la-motosierra-es-un-emblema-de-la-nueva-era-dorada-de-la-humanidad\/","title":{"rendered":"Milei habl\u00f3 del esc\u00e1ndalo $LIBRA y asegur\u00f3 que &#8220;la motosierra es un emblema de la nueva era dorada de la humanidad&#8221;"},"content":{"rendered":"<p style=\"text-align: center;\"><em><strong>El Presidente defendi\u00f3 la pol\u00edtica de ajuste fiscal en el marco de un reportaje que grab\u00f3 la semana pasada con el medio estadounidense<\/strong><\/em><\/p>\n<p>&nbsp;<\/p>\n<p>&nbsp;<\/p>\n<p>El presidente Javier Milei defendi\u00f3 el ajuste fiscal y ratific\u00f3 que &#8220;la motosierra es un emblema de la nueva era dorada de la humanidad&#8221;. En el marco de una entrevista que brind\u00f3 la semana pasada al medio The Washington Post, el mandatario asegura de hecho que dicha pol\u00edtica econ\u00f3mica se convirti\u00f3 en una referencia para su par estadounidense Donald Trump.<\/p>\n<p>&#8220;Mientras la motosierra corta profundamente, estallan las protestas&#8221;, dijo Milei al ser consultado sobre la protesta social.<\/p>\n<p>Respecto al v\u00ednculo entre los gobiernos de Trump y Milei, el texto advierte que el presidente argentino da cuenta de &#8220;diferencias clave entre ambos pa\u00edses&#8221;.<\/p>\n<p>&#8220;Argentina ha luchado durante d\u00e9cadas contra ciclos de inflaci\u00f3n descontrolada y una deuda abrumadora. Sigue siendo el mayor deudor del Fondo Monetario Internacional, con una deuda de m\u00e1s de 40 000 millones de d\u00f3lares. La semana pasada, el Congreso argentino aprob\u00f3 un decreto emitido por Milei para impulsar un nuevo programa con el FMI&#8221;, se\u00f1ala.<\/p>\n<p>Tambi\u00e9n indic\u00f3 que no tiene contacto directo con Trump, a diferencia de Elon Musk, con el que se mandan mensajes de manera ocasional por X.<\/p>\n<p>Con el presidente de Estados Unidos, Milei reconoci\u00f3 seguir los canales oficiales del Departamento de Estado. \u201cCon este tipo de cosas, desde mi punto de vista, es mejor manejarlo de una manera ordenada, porque esos canales funcionan&#8221;, dijo.<\/p>\n<p>&#8220;\u00bfAs\u00ed que a veces la burocracia funciona?\u201c, le preguntaron a Milei desde el Washington Post. \u201cCreo que s\u00ed\u201d, reconoci\u00f3 el presidente.<\/p>\n<p>&nbsp;<\/p>\n<p><strong>Milei se refiri\u00f3 al caso $LIBRA<\/strong><\/p>\n<p>Al ser consultado sobre la estafa cripto $LIBRA, el art\u00edculo consigna: &#8220;Los veteranos de la industria creen que todo el proyecto es una estafa, y se ha abierto un caso en los tribunales argentinos para investigar el papel del presidente. Milei afirm\u00f3 no haber tenido ninguna participaci\u00f3n y que, en cuanto la iniciativa empez\u00f3 a parecer sospechosa, borr\u00f3 su publicaci\u00f3n en X y explic\u00f3 la situaci\u00f3n a sus seguidores&#8221;.<\/p>\n<p>Tambi\u00e9n recuerda la publicaci\u00f3n que &#8220;a principios de este a\u00f1o, Trump promovi\u00f3 una criptomoneda similar, llamada $Trump, que tambi\u00e9n se dispar\u00f3 antes de desplomarse&#8221;.<\/p>\n<p>&#8220;Me di cuenta de que ahora es necesario tener m\u00e1s filtros&#8221;, dijo el propio Milei en la entrevista, al tiempo que habl\u00f3 de &#8220;poner muros&#8221;.<\/p>\n<p>Mieli tambi\u00e9n habl\u00f3 del \u201ccambio\u201d en la relaci\u00f3n con el papa Francisco, de los insultos a la reconciliaci\u00f3n. \u201cA veces, cuando uno tiene menos informaci\u00f3n, comete errores\u201d, dijo Milei. \u201cPero hoy soy el presidente de los argentinos y no me puedo dar el lujo de cometer esos errores\u201d, sostuvo.<\/p>\n","protected":false},"excerpt":{"rendered":"<p>El Presidente defendi\u00f3 la pol\u00edtica de ajuste fiscal en el marco de un reportaje que grab\u00f3 la semana pasada con el medio estadounidense &nbsp; &nbsp; El presidente Javier Milei defendi\u00f3 el ajuste fiscal y ratific\u00f3 que &#8220;la motosierra es un emblema de la nueva era dorada de la humanidad&#8221;. En el marco de una entrevista que brind\u00f3 la semana pasada al medio The Washington Post, el mandatario asegura de hecho que dicha pol\u00edtica econ\u00f3mica se convirti\u00f3 en una referencia para su par estadounidense Donald Trump. &#8220;Mientras la motosierra corta profundamente,&#8230;<\/p>\n","protected":false},"author":3,"featured_media":126540,"comment_status":"closed","ping_status":"closed","sticky":false,"template":"","format":"standard","meta":[],"categories":[18],"tags":[],"_links":{"self":[{"href":"https:\/\/www.actualidadadiario.com\/index.php\/wp-json\/wp\/v2\/posts\/126539"}],"collection":[{"href":"https:\/\/www.actualidadadiario.com\/index.php\/wp-json\/wp\/v2\/posts"}],"about":[{"href":"https:\/\/www.actualidadadiario.com\/index.php\/wp-json\/wp\/v2\/types\/post"}],"author":[{"embeddable":true,"href":"https:\/\/www.actualidadadiario.com\/index.php\/wp-json\/wp\/v2\/users\/3"}],"replies":[{"embeddable":true,"href":"https:\/\/www.actualidadadiario.com\/index.php\/wp-json\/wp\/v2\/comments?post=126539"}],"version-history":[{"count":1,"href":"https:\/\/www.actualidadadiario.com\/index.php\/wp-json\/wp\/v2\/posts\/126539\/revisions"}],"predecessor-version":[{"id":126541,"href":"https:\/\/www.actualidadadiario.com\/index.php\/wp-json\/wp\/v2\/posts\/126539\/revisions\/126541"}],"wp:featuredmedia":[{"embeddable":true,"href":"https:\/\/www.actualidadadiario.com\/index.php\/wp-json\/wp\/v2\/media\/126540"}],"wp:attachment":[{"href":"https:\/\/www.actualidadadiario.com\/index.php\/wp-json\/wp\/v2\/media?parent=126539"}],"wp:term":[{"taxonomy":"category","embeddable":true,"href":"https:\/\/www.actualidadadiario.com\/index.php\/wp-json\/wp\/v2\/categories?post=126539"},{"taxonomy":"post_tag","embeddable":true,"href":"https:\/\/www.actualidadadiario.com\/index.php\/wp-json\/wp\/v2\/tags?post=126539"}],"curies":[{"name":"wp","href":"https:\/\/api.w.org\/{rel}","templated":true}]}}