{"id":126537,"date":"2025-03-28T15:57:03","date_gmt":"2025-03-28T18:57:03","guid":{"rendered":"https:\/\/www.actualidadadiario.com\/?p=126537"},"modified":"2025-03-28T15:57:03","modified_gmt":"2025-03-28T18:57:03","slug":"milei-viajara-en-abril-a-estados-unidos-invitado-por-donald-trump","status":"publish","type":"post","link":"https:\/\/www.actualidadadiario.com\/index.php\/2025\/03\/28\/milei-viajara-en-abril-a-estados-unidos-invitado-por-donald-trump\/","title":{"rendered":"Milei viajar\u00e1 en abril a Estados Unidos invitado por Donald Trump"},"content":{"rendered":"<p style=\"text-align: center;\"><em><strong>La fecha no est\u00e1 confirmada, pero se estima que ser\u00e1 en las pr\u00f3ximas semanas. El canciller Werthein ya viaj\u00f3 al pa\u00eds norteamericano para delinear la agenda y acelerar un acuerdo comercial<\/strong><\/em><\/p>\n<p>&nbsp;<\/p>\n<p>&nbsp;<\/p>\n<p>El presidente Javier Milei emprender\u00e1 en abril un nuevo viaje a los Estados Unidos, invitado especialmente por Donald Trump, en otro gesto de respaldo del mandatario norteamericano al Gobierno.<\/p>\n<p>Seg\u00fan public\u00f3 la periodista Liliana Franco en \u00c1mbito, la fecha no est\u00e1 confirmada, pero se estima que ser\u00e1 en las pr\u00f3ximas semanas. Por lo pronto, el canciller Gerardo Werthein viaj\u00f3 al pa\u00eds norteamericano para delinear la agenda y acelerar un acuerdo comercial.<\/p>\n<p>El ministro de Relaciones Exteriores mantendr\u00e1 una reuni\u00f3n con el secretario de Estado estadounidense, Marco Rubio. En recientes declaraciones, Werthein aclar\u00f3 que no se est\u00e1 trabajando en un tratado de Libre Comercio con Estados Unidos, que deber\u00eda ser aprobado por los Congresos de ambos pa\u00edses, sino en un &#8220;acuerdo comercial&#8221;.<\/p>\n<p>&#8220;Queremos que la Argentina crezca, que haya m\u00e1s trabajo. Es posible y lo podemos implementar en un tiempo, lo vamos a hacer lo antes posible. Por eso nos estamos yendo a Estados Unidos. Es una gran oportunidad y puede tener un impacto importante para Argentina&#8221;, hab\u00eda apuntado Werthein.<\/p>\n<p>Milei manifest\u00f3 este jueves en declaraciones period\u00edsticas que el Gobierno est\u00e1 &#8220;avanzando fuertemente hacia el tratado de libre comercio&#8221; y remarc\u00f3 su compromiso &#8220;en avanzar en una Argentina que comercializa con todo el mundo&#8221;.<\/p>\n<p>En su \u00faltimo discurso ante la Asamblea Legislativa, el Presidente se\u00f1al\u00f3: &#8220;El primer paso en este sendero es la oportunidad hist\u00f3rica que tenemos para entablar un acuerdo comercial con Estados Unidos. Ya se nos present\u00f3 hace 20 a\u00f1os y la dejamos pasar. Es necesario estar dispuestos a flexibilizar o incluso, llegado el caso, a salir del Mercosur, que lo \u00fanico que logr\u00f3 desde su creaci\u00f3n es enriquecer a los grandes industriales brasileros a costa de empobrecer a los argentinos&#8221;.<\/p>\n<p>&nbsp;<\/p>\n<p><strong>Caputo y Bennet<\/strong><\/p>\n<p>El asesor presidencial Santiago Caputo se reuni\u00f3 el martes en Casa Rosada con Barry Bennett, el principal estratega de Donald Trump, para avanzar en el tratado de libre comercio que el Gobierno de Javier Milei busca sellar con Estados Unidos.<\/p>\n<p>Caputo y Bennett compartieron un almuerzo en el comedor del primer piso de la Casa Rosada, que dur\u00f3 algo m\u00e1s de una hora. Ambos comieron bife de chorizo con ensalada, y el funcionario norteamericano pidi\u00f3 como postre un flan con dulce de leche. Al finalizar, posaron para una foto.<\/p>\n<p>Se trat\u00f3 de la tercera reuni\u00f3n entre los funcionarios, que ya se vieron en la cumbre de la CPAC en Buenos Aires, en diciembre de 2024, y en la conferencia realizada en Washington, en febrero de este a\u00f1o, donde se produjo el encuentro entre Milei y Trump.<\/p>\n<p>El principal asesor de Trump asegur\u00f3 al salir de la reuni\u00f3n con Caputo que &#8220;el acuerdo de libre comercio es importante y est\u00e1 cerca&#8221;, aunque &#8220;los bur\u00f3cratas siempre lo retrasan&#8221;. &#8220;Hablamos de fortalecer las relaciones entre pa\u00edses. Es importante profundizar el v\u00ednculo&#8221;, agreg\u00f3 Bennet, quien al mismo tiempo neg\u00f3 que el acuerdo con el Fondo Monetario Internacional (FMI) haya formado parte del temario.<\/p>\n","protected":false},"excerpt":{"rendered":"<p>La fecha no est\u00e1 confirmada, pero se estima que ser\u00e1 en las pr\u00f3ximas semanas. El canciller Werthein ya viaj\u00f3 al pa\u00eds norteamericano para delinear la agenda y acelerar un acuerdo comercial &nbsp; &nbsp; El presidente Javier Milei emprender\u00e1 en abril un nuevo viaje a los Estados Unidos, invitado especialmente por Donald Trump, en otro gesto de respaldo del mandatario norteamericano al Gobierno. Seg\u00fan public\u00f3 la periodista Liliana Franco en \u00c1mbito, la fecha no est\u00e1 confirmada, pero se estima que ser\u00e1 en las pr\u00f3ximas semanas. Por lo pronto, el canciller Gerardo&#8230;<\/p>\n","protected":false},"author":3,"featured_media":114612,"comment_status":"closed","ping_status":"closed","sticky":false,"template":"","format":"standard","meta":[],"categories":[18],"tags":[],"_links":{"self":[{"href":"https:\/\/www.actualidadadiario.com\/index.php\/wp-json\/wp\/v2\/posts\/126537"}],"collection":[{"href":"https:\/\/www.actualidadadiario.com\/index.php\/wp-json\/wp\/v2\/posts"}],"about":[{"href":"https:\/\/www.actualidadadiario.com\/index.php\/wp-json\/wp\/v2\/types\/post"}],"author":[{"embeddable":true,"href":"https:\/\/www.actualidadadiario.com\/index.php\/wp-json\/wp\/v2\/users\/3"}],"replies":[{"embeddable":true,"href":"https:\/\/www.actualidadadiario.com\/index.php\/wp-json\/wp\/v2\/comments?post=126537"}],"version-history":[{"count":1,"href":"https:\/\/www.actualidadadiario.com\/index.php\/wp-json\/wp\/v2\/posts\/126537\/revisions"}],"predecessor-version":[{"id":126538,"href":"https:\/\/www.actualidadadiario.com\/index.php\/wp-json\/wp\/v2\/posts\/126537\/revisions\/126538"}],"wp:featuredmedia":[{"embeddable":true,"href":"https:\/\/www.actualidadadiario.com\/index.php\/wp-json\/wp\/v2\/media\/114612"}],"wp:attachment":[{"href":"https:\/\/www.actualidadadiario.com\/index.php\/wp-json\/wp\/v2\/media?parent=126537"}],"wp:term":[{"taxonomy":"category","embeddable":true,"href":"https:\/\/www.actualidadadiario.com\/index.php\/wp-json\/wp\/v2\/categories?post=126537"},{"taxonomy":"post_tag","embeddable":true,"href":"https:\/\/www.actualidadadiario.com\/index.php\/wp-json\/wp\/v2\/tags?post=126537"}],"curies":[{"name":"wp","href":"https:\/\/api.w.org\/{rel}","templated":true}]}}