{"id":126308,"date":"2025-03-25T12:31:09","date_gmt":"2025-03-25T15:31:09","guid":{"rendered":"https:\/\/www.actualidadadiario.com\/?p=126308"},"modified":"2025-03-25T12:31:09","modified_gmt":"2025-03-25T15:31:09","slug":"entre-rios-sigue-trabajando-para-fortalecer-la-inyeccion-de-excedentes-de-energia-renovable-a-la-red","status":"publish","type":"post","link":"https:\/\/www.actualidadadiario.com\/index.php\/2025\/03\/25\/entre-rios-sigue-trabajando-para-fortalecer-la-inyeccion-de-excedentes-de-energia-renovable-a-la-red\/","title":{"rendered":"Entre R\u00edos sigue trabajando para fortalecer la inyecci\u00f3n de excedentes de energ\u00eda renovable a la red"},"content":{"rendered":"<p style=\"text-align: center;\"><em><strong>Con la premisa de allanar y marcar el rumbo de las energ\u00edas renovables y afianzar el compromiso con la generaci\u00f3n distribuida, se reuni\u00f3 nuevamente la Mesa de Energ\u00edas Renovables. En ese marco, se abordaron posibles estrategias que permitan sumar m\u00e1s usuarios generadores<\/strong><\/em><\/p>\n<p>&nbsp;<\/p>\n<p>&nbsp;<\/p>\n<p>Durante el encuentro, se present\u00f3 un informe con los principales logros alcanzados en 2024, como la reducci\u00f3n en los tiempos de tramitaci\u00f3n de solicitudes para la instalaci\u00f3n de medidores bidireccionales; el aumento en la cantidad de usuarios generadores conectados, fortaleciendo la red el\u00e9ctrica con energ\u00eda renovable; y los m\u00e1s de 3 MW de potencia instalada en toda la provincia.<\/p>\n<p>Entre R\u00edos est\u00e1 entre las provincias con mayor crecimiento en generaci\u00f3n distribuida. Seg\u00fan el \u00faltimo informe denominado &#8220;Reportes de Avance &#8211; Implementaci\u00f3n de la Ley 27.424&#8221;, publicado el mes pasado a trav\u00e9s del portal web oficial de la Naci\u00f3n, nuestra provincia se destaca en el ranking nacional. Se encuentra en el primer lugar en cuanto al crecimiento de usuarios generadores en 2024, es la quinta provincia con mayor cantidad de usuarios conectados y la tercera en cantidad de tr\u00e1mites en curso, reflejando el creciente inter\u00e9s en la inyecci\u00f3n de excedentes de energ\u00eda renovable a la red.<\/p>\n<p>La Mesa de Energ\u00edas Renovables es un espacio clave de articulaci\u00f3n entre diversos actores del sector para seguir impulsando estrategias, pol\u00edticas y acciones que fomenten el crecimiento de la generaci\u00f3n distribuida. Por otra parte, se trabaja para garantizar conexiones seguras y el cumplimiento de la normativa vigente, asegurando que m\u00e1s usuarios puedan acceder a sus beneficios de manera f\u00e1cil, r\u00e1pida y segura.<\/p>\n<p>Fue creada mediante la Ley 10.933 de Energ\u00eda El\u00e9ctrica Sostenible, y re\u00fane de forma peri\u00f3dica a la Secretar\u00eda de Energ\u00eda de Entre R\u00edos, el Ente Provincial Regulador de la Energ\u00eda (EPRE), universidades, colegios profesionales, la C\u00e1mara de Energ\u00edas Renovables de Entre R\u00edos (Cerer) y las distribuidoras de energ\u00eda, con el fin de dise\u00f1ar estrategias y promover iniciativas que impulsen y fortalezcan el sector.<\/p>\n<p>&nbsp;<\/p>\n<p><strong>Capacitaci\u00f3n y seguridad para los usuarios<\/strong><\/p>\n<p>Uno de los principales desaf\u00edos actuales del sector es el crecimiento exponencial de instalaciones no declaradas. Estos sistemas, de venta libre, siguen instal\u00e1ndose sin registro, en parte debido al mito de que los tr\u00e1mites son lentos, una situaci\u00f3n que ya ha sido resuelta gracias a la iniciativa de la Secretar\u00eda de Energ\u00eda desde el inicio de la gesti\u00f3n, instando al EPRE a dictar las respectivas resoluciones.<\/p>\n<p>Es importante aclarar que, si bien cualquier profesional del sector puede instalar un sistema de generaci\u00f3n renovable, el tr\u00e1mite para la inyecci\u00f3n a la red de distribuci\u00f3n el\u00e9ctrica debe ser gestionado exclusivamente por instaladores habilitados. Esta acci\u00f3n adem\u00e1s de garantizar el cumplimiento normativo, tambi\u00e9n protege la seguridad de las instalaciones, evitando riesgos y optimizando la eficiencia del sistema.<\/p>\n<p>Con la intenci\u00f3n de sanear dudas y reforzar el conocimiento acerca del procedimiento que se debe realizar, la Secretar\u00eda de Energ\u00eda organizar\u00e1 y llevar\u00e1 a cabo una capacitaci\u00f3n dirigida a las distribuidoras el\u00e9ctricas. Mientras, se informa a la comunidad que, en caso de tener equipos de generaci\u00f3n renovable y desear inyectar el excedente a la red, en el portal web de la Secretar\u00eda se explica c\u00f3mo hacerlo.<\/p>\n","protected":false},"excerpt":{"rendered":"<p>Con la premisa de allanar y marcar el rumbo de las energ\u00edas renovables y afianzar el compromiso con la generaci\u00f3n distribuida, se reuni\u00f3 nuevamente la Mesa de Energ\u00edas Renovables. En ese marco, se abordaron posibles estrategias que permitan sumar m\u00e1s usuarios generadores &nbsp; &nbsp; Durante el encuentro, se present\u00f3 un informe con los principales logros alcanzados en 2024, como la reducci\u00f3n en los tiempos de tramitaci\u00f3n de solicitudes para la instalaci\u00f3n de medidores bidireccionales; el aumento en la cantidad de usuarios generadores conectados, fortaleciendo la red el\u00e9ctrica con energ\u00eda renovable;&#8230;<\/p>\n","protected":false},"author":3,"featured_media":126309,"comment_status":"closed","ping_status":"closed","sticky":false,"template":"","format":"standard","meta":[],"categories":[15],"tags":[],"_links":{"self":[{"href":"https:\/\/www.actualidadadiario.com\/index.php\/wp-json\/wp\/v2\/posts\/126308"}],"collection":[{"href":"https:\/\/www.actualidadadiario.com\/index.php\/wp-json\/wp\/v2\/posts"}],"about":[{"href":"https:\/\/www.actualidadadiario.com\/index.php\/wp-json\/wp\/v2\/types\/post"}],"author":[{"embeddable":true,"href":"https:\/\/www.actualidadadiario.com\/index.php\/wp-json\/wp\/v2\/users\/3"}],"replies":[{"embeddable":true,"href":"https:\/\/www.actualidadadiario.com\/index.php\/wp-json\/wp\/v2\/comments?post=126308"}],"version-history":[{"count":1,"href":"https:\/\/www.actualidadadiario.com\/index.php\/wp-json\/wp\/v2\/posts\/126308\/revisions"}],"predecessor-version":[{"id":126310,"href":"https:\/\/www.actualidadadiario.com\/index.php\/wp-json\/wp\/v2\/posts\/126308\/revisions\/126310"}],"wp:featuredmedia":[{"embeddable":true,"href":"https:\/\/www.actualidadadiario.com\/index.php\/wp-json\/wp\/v2\/media\/126309"}],"wp:attachment":[{"href":"https:\/\/www.actualidadadiario.com\/index.php\/wp-json\/wp\/v2\/media?parent=126308"}],"wp:term":[{"taxonomy":"category","embeddable":true,"href":"https:\/\/www.actualidadadiario.com\/index.php\/wp-json\/wp\/v2\/categories?post=126308"},{"taxonomy":"post_tag","embeddable":true,"href":"https:\/\/www.actualidadadiario.com\/index.php\/wp-json\/wp\/v2\/tags?post=126308"}],"curies":[{"name":"wp","href":"https:\/\/api.w.org\/{rel}","templated":true}]}}