{"id":126296,"date":"2025-03-21T17:12:14","date_gmt":"2025-03-21T20:12:14","guid":{"rendered":"https:\/\/www.actualidadadiario.com\/?p=126296"},"modified":"2025-03-21T17:12:14","modified_gmt":"2025-03-21T20:12:14","slug":"becas-progresar-2025-cuales-son-las-4-lineas-disponibles-para-anotarse-en-marzo","status":"publish","type":"post","link":"https:\/\/www.actualidadadiario.com\/index.php\/2025\/03\/21\/becas-progresar-2025-cuales-son-las-4-lineas-disponibles-para-anotarse-en-marzo\/","title":{"rendered":"Becas Progresar 2025: cu\u00e1les son las 4 l\u00edneas disponibles para anotarse en marzo"},"content":{"rendered":"<p style=\"text-align: center;\"><em><strong>Las Becas Progresar est\u00e1n destinadas a j\u00f3venes que deseen iniciar o finalizar sus estudios, continuar una educaci\u00f3n superior y\/o realizar experiencias de formaci\u00f3n y capacitaci\u00f3n laboral<\/strong><\/em><\/p>\n<p>&nbsp;<\/p>\n<p>&nbsp;<\/p>\n<p>El Ministerio de Capital Humano, a trav\u00e9s de la Secretar\u00eda de Educaci\u00f3n, abri\u00f3 la primera convocatoria 2025 de las Becas Progresar, el programa nacional que brinda apoyo econ\u00f3mico a j\u00f3venes de todo el pa\u00eds para terminar sus estudios obligatorios, superiores o de formaci\u00f3n profesional. La inscripci\u00f3n permanecer\u00e1 habilitada hasta el 30 de marzo, exclusivamente para la l\u00ednea Progresar Obligatorio.<\/p>\n<p>El objetivo del programa es garantizar el acceso, permanencia y egreso del sistema educativo. Pueden postularse estudiantes de 16 a 24 a\u00f1os, siempre que los ingresos del grupo familiar no superen tres veces el Salario M\u00ednimo, Vital y M\u00f3vil, equivalente a $890.000 mensuales en marzo. Los aspirantes deben certificar la asistencia regular a una instituci\u00f3n educativa y cumplir con los requisitos acad\u00e9micos y sanitarios establecidos.<\/p>\n<p>&nbsp;<\/p>\n<p><strong>\u00bfC\u00f3mo inscribirse a las Becas Progresar?<\/strong><\/p>\n<p>La postulaci\u00f3n se realiza a trav\u00e9s de la plataforma Progresar, con validaci\u00f3n de identidad en la app Mi Argentina, lo que elimina la necesidad de gestores o intermediarios. Adem\u00e1s, el solicitante debe registrar un CBU o CVU a su nombre para cobrar el beneficio.<\/p>\n<p>&nbsp;<\/p>\n<p><strong>\u00bfCu\u00e1nto se cobra por la Beca Progresar?<\/strong><\/p>\n<p>La beca consiste en 12 pagos mensuales de $35.000, distribuidos en:<\/p>\n<ul>\n<li><strong>8 cuotas regulares:<\/strong> con retenci\u00f3n del 20%, que se libera una vez validada la regularidad educativa mediante tres certificaciones anuales.<\/li>\n<li><strong>2 cuotas est\u00edmulo:<\/strong> se abonan al cierre del ciclo lectivo, condicionadas a la realizaci\u00f3n de actividades complementarias.<\/li>\n<li><strong>2 cuotas por m\u00e9rito acad\u00e9mico:<\/strong> destinadas a quienes finalicen el a\u00f1o sin materias pendientes.<\/li>\n<\/ul>\n<p>&nbsp;<\/p>\n<p><strong>4 l\u00edneas \u00a0de las Becas Progresar 2025<\/strong><\/p>\n<ul>\n<li><strong>Progresar Obligatorio:<\/strong> para estudiantes que cursan primaria o secundaria.<\/li>\n<li><strong>Progresar Superior:<\/strong> dirigido a j\u00f3venes en terciarios o universidades.<\/li>\n<li><strong>Progresar Trabajo:<\/strong> para cursos de formaci\u00f3n profesional.<\/li>\n<li><strong>Progresar Enfermer\u00eda:<\/strong> exclusivo para estudiantes de enfermer\u00eda en instituciones terciarias o universitarias.<\/li>\n<\/ul>\n<p>&nbsp;<\/p>\n<p><strong>Requisitos para acceder a Progresar Obligatorio <\/strong><\/p>\n<p>Los postulantes deben:<\/p>\n<ul>\n<li>Tener entre 16 y 24 a\u00f1os.<\/li>\n<li>Ser argentinos o residentes legales con al menos dos a\u00f1os de residencia.<\/li>\n<li>Acreditar ingresos familiares menores a tres SMVM.<\/li>\n<li>Estar inscriptos y asistir regularmente a una instituci\u00f3n educativa reconocida.<\/li>\n<li>Contar con el esquema de vacunaci\u00f3n completo o en curso, seg\u00fan edad.<\/li>\n<li>Participar en las actividades complementarias propuestas por el programa.<\/li>\n<\/ul>\n","protected":false},"excerpt":{"rendered":"<p>Las Becas Progresar est\u00e1n destinadas a j\u00f3venes que deseen iniciar o finalizar sus estudios, continuar una educaci\u00f3n superior y\/o realizar experiencias de formaci\u00f3n y capacitaci\u00f3n laboral &nbsp; &nbsp; El Ministerio de Capital Humano, a trav\u00e9s de la Secretar\u00eda de Educaci\u00f3n, abri\u00f3 la primera convocatoria 2025 de las Becas Progresar, el programa nacional que brinda apoyo econ\u00f3mico a j\u00f3venes de todo el pa\u00eds para terminar sus estudios obligatorios, superiores o de formaci\u00f3n profesional. La inscripci\u00f3n permanecer\u00e1 habilitada hasta el 30 de marzo, exclusivamente para la l\u00ednea Progresar Obligatorio. El objetivo del&#8230;<\/p>\n","protected":false},"author":3,"featured_media":90268,"comment_status":"closed","ping_status":"closed","sticky":false,"template":"","format":"standard","meta":[],"categories":[2],"tags":[],"_links":{"self":[{"href":"https:\/\/www.actualidadadiario.com\/index.php\/wp-json\/wp\/v2\/posts\/126296"}],"collection":[{"href":"https:\/\/www.actualidadadiario.com\/index.php\/wp-json\/wp\/v2\/posts"}],"about":[{"href":"https:\/\/www.actualidadadiario.com\/index.php\/wp-json\/wp\/v2\/types\/post"}],"author":[{"embeddable":true,"href":"https:\/\/www.actualidadadiario.com\/index.php\/wp-json\/wp\/v2\/users\/3"}],"replies":[{"embeddable":true,"href":"https:\/\/www.actualidadadiario.com\/index.php\/wp-json\/wp\/v2\/comments?post=126296"}],"version-history":[{"count":1,"href":"https:\/\/www.actualidadadiario.com\/index.php\/wp-json\/wp\/v2\/posts\/126296\/revisions"}],"predecessor-version":[{"id":126297,"href":"https:\/\/www.actualidadadiario.com\/index.php\/wp-json\/wp\/v2\/posts\/126296\/revisions\/126297"}],"wp:featuredmedia":[{"embeddable":true,"href":"https:\/\/www.actualidadadiario.com\/index.php\/wp-json\/wp\/v2\/media\/90268"}],"wp:attachment":[{"href":"https:\/\/www.actualidadadiario.com\/index.php\/wp-json\/wp\/v2\/media?parent=126296"}],"wp:term":[{"taxonomy":"category","embeddable":true,"href":"https:\/\/www.actualidadadiario.com\/index.php\/wp-json\/wp\/v2\/categories?post=126296"},{"taxonomy":"post_tag","embeddable":true,"href":"https:\/\/www.actualidadadiario.com\/index.php\/wp-json\/wp\/v2\/tags?post=126296"}],"curies":[{"name":"wp","href":"https:\/\/api.w.org\/{rel}","templated":true}]}}