{"id":126293,"date":"2025-03-21T12:36:05","date_gmt":"2025-03-21T15:36:05","guid":{"rendered":"https:\/\/www.actualidadadiario.com\/?p=126293"},"modified":"2025-03-21T12:36:05","modified_gmt":"2025-03-21T15:36:05","slug":"cambian-los-carteles-viales-de-las-calles-como-es-la-nueva-senalizacion","status":"publish","type":"post","link":"https:\/\/www.actualidadadiario.com\/index.php\/2025\/03\/21\/cambian-los-carteles-viales-de-las-calles-como-es-la-nueva-senalizacion\/","title":{"rendered":"Cambian los carteles viales de las calles: c\u00f3mo es la nueva se\u00f1alizaci\u00f3n"},"content":{"rendered":"<p style=\"text-align: center;\"><em><strong>El Gobierno orden\u00f3 la renovaci\u00f3n de la carteler\u00eda vial en todo el pa\u00eds. Cu\u00e1les son los nuevos dise\u00f1os<\/strong><\/em><\/p>\n<p>&nbsp;<\/p>\n<p>&nbsp;<\/p>\n<p>El gobierno de Javier Milei cambi\u00f3 el Sistema de Se\u00f1alizaci\u00f3n Vial Uniforme para modernizar y unificar la normativa de tr\u00e1nsito en todo el pa\u00eds. Estas modificaciones afectan el dise\u00f1o, la ubicaci\u00f3n y la interpretaci\u00f3n de las se\u00f1ales viales, aline\u00e1ndolas con est\u00e1ndares internacionales de seguridad.<\/p>\n<p>&nbsp;<\/p>\n<p><strong>Cu\u00e1les son los principales cambios en la se\u00f1alizaci\u00f3n<\/strong><\/p>\n<p>Las nuevas disposiciones, detalladas en el Anexo L del art\u00edculo 22, establecen que las se\u00f1ales viales ser\u00e1n reemplazadas a medida que las actuales se deterioren o lleguen al final de su vida \u00fatil. La actualizaci\u00f3n busca mejorar la seguridad vial y facilitar la comprensi\u00f3n de las indicaciones para conductores y peatones.<\/p>\n<p>&nbsp;<\/p>\n<p><strong>El nuevo reglamento categoriza las se\u00f1ales de tr\u00e1nsito en cuatro grupos principales:<\/strong><\/p>\n<p><strong>Se\u00f1ales Reglamentarias<\/strong><\/p>\n<ul>\n<li>Indican prohibiciones, restricciones y obligaciones.<\/li>\n<li>Mejora en dise\u00f1o para aumentar la visibilidad de carteles como &#8220;Prohibido girar en U&#8221; y &#8220;Velocidad M\u00e1xima Permitida&#8221;.<\/li>\n<\/ul>\n<p>&nbsp;<\/p>\n<p><strong>Se\u00f1ales Preventivas<\/strong><\/p>\n<ul>\n<li>Alertan sobre peligros y condiciones del camino.<\/li>\n<li>Redise\u00f1o de s\u00edmbolos y colores para advertencias como &#8220;Curva peligrosa&#8221; y &#8220;Cruce de peatones&#8221;.<\/li>\n<\/ul>\n<p>&nbsp;<\/p>\n<p><strong>Se\u00f1ales Informativas<\/strong><\/p>\n<ul>\n<li>Brindan informaci\u00f3n sobre direcciones, distancias y servicios.<\/li>\n<li>Modificaci\u00f3n en la tipograf\u00eda y contraste para mejorar la legibilidad en movimiento.<\/li>\n<\/ul>\n<p><strong>\u00a0<\/strong><\/p>\n<p><strong>Se\u00f1ales Transitorias<\/strong><\/p>\n<ul>\n<li>Utilizadas en obras viales y desv\u00edos.<\/li>\n<li>Nuevo protocolo de ubicaci\u00f3n y mantenimiento para evitar confusiones.<\/li>\n<li>Implementaci\u00f3n y fiscalizaci\u00f3n.<\/li>\n<\/ul>\n<p>La normativa exige que todas las provincias y municipios adopten el nuevo sistema de se\u00f1alizaci\u00f3n de manera progresiva. Los organismos responsables deber\u00e1n garantizar su correcto mantenimiento conforme a la Ley Nacional de Tr\u00e1nsito.<\/p>\n","protected":false},"excerpt":{"rendered":"<p>El Gobierno orden\u00f3 la renovaci\u00f3n de la carteler\u00eda vial en todo el pa\u00eds. Cu\u00e1les son los nuevos dise\u00f1os &nbsp; &nbsp; El gobierno de Javier Milei cambi\u00f3 el Sistema de Se\u00f1alizaci\u00f3n Vial Uniforme para modernizar y unificar la normativa de tr\u00e1nsito en todo el pa\u00eds. Estas modificaciones afectan el dise\u00f1o, la ubicaci\u00f3n y la interpretaci\u00f3n de las se\u00f1ales viales, aline\u00e1ndolas con est\u00e1ndares internacionales de seguridad. &nbsp; Cu\u00e1les son los principales cambios en la se\u00f1alizaci\u00f3n Las nuevas disposiciones, detalladas en el Anexo L del art\u00edculo 22, establecen que las se\u00f1ales viales ser\u00e1n&#8230;<\/p>\n","protected":false},"author":3,"featured_media":126294,"comment_status":"closed","ping_status":"closed","sticky":false,"template":"","format":"standard","meta":[],"categories":[2],"tags":[],"_links":{"self":[{"href":"https:\/\/www.actualidadadiario.com\/index.php\/wp-json\/wp\/v2\/posts\/126293"}],"collection":[{"href":"https:\/\/www.actualidadadiario.com\/index.php\/wp-json\/wp\/v2\/posts"}],"about":[{"href":"https:\/\/www.actualidadadiario.com\/index.php\/wp-json\/wp\/v2\/types\/post"}],"author":[{"embeddable":true,"href":"https:\/\/www.actualidadadiario.com\/index.php\/wp-json\/wp\/v2\/users\/3"}],"replies":[{"embeddable":true,"href":"https:\/\/www.actualidadadiario.com\/index.php\/wp-json\/wp\/v2\/comments?post=126293"}],"version-history":[{"count":1,"href":"https:\/\/www.actualidadadiario.com\/index.php\/wp-json\/wp\/v2\/posts\/126293\/revisions"}],"predecessor-version":[{"id":126295,"href":"https:\/\/www.actualidadadiario.com\/index.php\/wp-json\/wp\/v2\/posts\/126293\/revisions\/126295"}],"wp:featuredmedia":[{"embeddable":true,"href":"https:\/\/www.actualidadadiario.com\/index.php\/wp-json\/wp\/v2\/media\/126294"}],"wp:attachment":[{"href":"https:\/\/www.actualidadadiario.com\/index.php\/wp-json\/wp\/v2\/media?parent=126293"}],"wp:term":[{"taxonomy":"category","embeddable":true,"href":"https:\/\/www.actualidadadiario.com\/index.php\/wp-json\/wp\/v2\/categories?post=126293"},{"taxonomy":"post_tag","embeddable":true,"href":"https:\/\/www.actualidadadiario.com\/index.php\/wp-json\/wp\/v2\/tags?post=126293"}],"curies":[{"name":"wp","href":"https:\/\/api.w.org\/{rel}","templated":true}]}}