{"id":126283,"date":"2025-03-21T11:57:48","date_gmt":"2025-03-21T14:57:48","guid":{"rendered":"https:\/\/www.actualidadadiario.com\/?p=126283"},"modified":"2025-03-21T11:57:48","modified_gmt":"2025-03-21T14:57:48","slug":"se-acelero-la-suba-de-alimentos-en-la-tercera-semana-de-marzo","status":"publish","type":"post","link":"https:\/\/www.actualidadadiario.com\/index.php\/2025\/03\/21\/se-acelero-la-suba-de-alimentos-en-la-tercera-semana-de-marzo\/","title":{"rendered":"Se aceler\u00f3 la suba de alimentos en la tercera semana de marzo"},"content":{"rendered":"<p style=\"text-align: center;\"><em><strong>El incremento fue de 2,4% y la suba promedio en las \u00faltimas cuatro semanas es de 3,2%<\/strong><\/em><\/p>\n<p>&nbsp;<\/p>\n<p>&nbsp;<\/p>\n<p>El precio de los alimentos subi\u00f3 2,4% en la tercera semana de marzo y el promedio mensual se ubic\u00f3 en 3,2%, seg\u00fan un informe privado.<\/p>\n<p>El salto se produjo en forma brusca, luego que en la segunda semana los pecios de los productos b\u00e1sicos se mantuvieran estables.<\/p>\n<p>El salto de 2,4% fue el m\u00e1s importante de los \u00faltimos ocho meses y pone en riesgo la continuidad del proceso de desinflaci\u00f3n.<\/p>\n<p>Los datos surgen del relevamiento semanal de la consultora LCG.<\/p>\n<p>Las mayores subas semanales se dieron en bebidas e infusiones para consumir en el hogar (5%), Az\u00facar, miel, dulces y cacao (4,2%), Carnes (3,5%), Condimentos y otros productos alimenticios (3,1%) y Productos l\u00e1cteos y huevos (2,5%).<\/p>\n<p>En un porcentaje menor se movieron Aceites (1,3%), Productos de panificaci\u00f3n, cereales y pastas (0,7%), Comidas listas para llevar y Frutas (ambos con 0,5%) y Verduras, que retom\u00f3 las bajas con un -0,4%.<\/p>\n<p>En las \u00faltimas cuatro semanas la suba de 3,2% se explica por un incremento de 4,8% en carnes y huevos. En tanto, verduras subi\u00f3 3,4%, bebidas 2,7% y productos panificados 2,4%.<\/p>\n<p>El informe de LCG indic\u00f3 que carnes y l\u00e1cteos explican el 70% de los incrementos de precios de las \u00faltimas semanas.<\/p>\n<p>El repunte de los alimentos pone en riesgo la baja de la inflaci\u00f3n que pretende el gobierno luego que la variaci\u00f3n de febrero fuera de 2,4%, por encima del 2,2% de enero.<\/p>\n","protected":false},"excerpt":{"rendered":"<p>El incremento fue de 2,4% y la suba promedio en las \u00faltimas cuatro semanas es de 3,2% &nbsp; &nbsp; El precio de los alimentos subi\u00f3 2,4% en la tercera semana de marzo y el promedio mensual se ubic\u00f3 en 3,2%, seg\u00fan un informe privado. El salto se produjo en forma brusca, luego que en la segunda semana los pecios de los productos b\u00e1sicos se mantuvieran estables. El salto de 2,4% fue el m\u00e1s importante de los \u00faltimos ocho meses y pone en riesgo la continuidad del proceso de desinflaci\u00f3n. Los&#8230;<\/p>\n","protected":false},"author":3,"featured_media":97395,"comment_status":"closed","ping_status":"closed","sticky":false,"template":"","format":"standard","meta":[],"categories":[2],"tags":[],"_links":{"self":[{"href":"https:\/\/www.actualidadadiario.com\/index.php\/wp-json\/wp\/v2\/posts\/126283"}],"collection":[{"href":"https:\/\/www.actualidadadiario.com\/index.php\/wp-json\/wp\/v2\/posts"}],"about":[{"href":"https:\/\/www.actualidadadiario.com\/index.php\/wp-json\/wp\/v2\/types\/post"}],"author":[{"embeddable":true,"href":"https:\/\/www.actualidadadiario.com\/index.php\/wp-json\/wp\/v2\/users\/3"}],"replies":[{"embeddable":true,"href":"https:\/\/www.actualidadadiario.com\/index.php\/wp-json\/wp\/v2\/comments?post=126283"}],"version-history":[{"count":1,"href":"https:\/\/www.actualidadadiario.com\/index.php\/wp-json\/wp\/v2\/posts\/126283\/revisions"}],"predecessor-version":[{"id":126284,"href":"https:\/\/www.actualidadadiario.com\/index.php\/wp-json\/wp\/v2\/posts\/126283\/revisions\/126284"}],"wp:featuredmedia":[{"embeddable":true,"href":"https:\/\/www.actualidadadiario.com\/index.php\/wp-json\/wp\/v2\/media\/97395"}],"wp:attachment":[{"href":"https:\/\/www.actualidadadiario.com\/index.php\/wp-json\/wp\/v2\/media?parent=126283"}],"wp:term":[{"taxonomy":"category","embeddable":true,"href":"https:\/\/www.actualidadadiario.com\/index.php\/wp-json\/wp\/v2\/categories?post=126283"},{"taxonomy":"post_tag","embeddable":true,"href":"https:\/\/www.actualidadadiario.com\/index.php\/wp-json\/wp\/v2\/tags?post=126283"}],"curies":[{"name":"wp","href":"https:\/\/api.w.org\/{rel}","templated":true}]}}