{"id":126276,"date":"2025-03-21T11:02:13","date_gmt":"2025-03-21T14:02:13","guid":{"rendered":"https:\/\/www.actualidadadiario.com\/?p=126276"},"modified":"2025-03-21T11:02:13","modified_gmt":"2025-03-21T14:02:13","slug":"se-aproximan-las-lluvias-y-tormentas-en-entre-rios-para-despedir-los-dias-de-calor","status":"publish","type":"post","link":"https:\/\/www.actualidadadiario.com\/index.php\/2025\/03\/21\/se-aproximan-las-lluvias-y-tormentas-en-entre-rios-para-despedir-los-dias-de-calor\/","title":{"rendered":"Se aproximan las lluvias y tormentas en Entre R\u00edos, para despedir los d\u00edas de calor"},"content":{"rendered":"<p style=\"text-align: center;\"><em><strong>El fin de semana llega un frente fr\u00edo que provocar\u00e1 un cambio en las condiciones del tiempo. Las inestabilidades ocasionar\u00e1n lluvias y tormentas<\/strong><\/em><\/p>\n<p>&nbsp;<\/p>\n<p>&nbsp;<\/p>\n<p>El Servicio Meteorol\u00f3gico Nacional -SMN- informa buen tiempo para este viernes 21 de marzo en Entre R\u00edos. La jornada se presentar\u00e1 inicialmente soleada, pero luego ir\u00e1 aumentando la nubosidad.<\/p>\n<p>Este viernes y s\u00e1bado ser\u00e1n los \u00faltimos d\u00edas de calor en la provincia. Para ambas jornadas se pronostican m\u00e1ximas de hasta 33 grados. Luego, llegar\u00e1 un frente fr\u00edo que provocar\u00e1 un cambio de tiempo.<\/p>\n<p>Seg\u00fan el pron\u00f3stico extendido, a partir del domingo se anuncian lluvias y tormentas aisladas en Entre R\u00edos. Las inestabilidades continuar\u00edan el lunes feriado, aunque la nubosidad seguir\u00e1 elevada hasta el mi\u00e9rcoles.<\/p>\n<p>Esta situaci\u00f3n provocar\u00e1 un descenso gradual de las temperaturas, que se ubicar\u00e1n m\u00e1s cercanas a los valores del oto\u00f1o que comenz\u00f3 oficialmente este jueves.<\/p>\n<p>&nbsp;<\/p>\n<p><strong>As\u00ed estar\u00e1 el tiempo hoy<\/strong><\/p>\n<p>En Paran\u00e1, La Paz, Villaguay, Diamante y Nogoy\u00e1 la temperatura m\u00ednima ser\u00e1 de 18 grados y la m\u00e1xima alcanzar\u00e1 los 32 grados. El d\u00eda comenzar\u00e1 solead y parcialmente nublado, y continuar\u00e1 luego mayormente nublado.<\/p>\n<p>En Concordia, Federal, Feliciano, Federaci\u00f3n y San Salvador, en tanto, se aguarda una m\u00ednima de 19 grados y una m\u00e1xima de 33 grados. En estas ciudades tambi\u00e9n se anuncia un cielo parcialmente nublado para este martes.<\/p>\n<p>En Gualeguaych\u00fa, Col\u00f3n, Uruguay, Tala e Islas se aguarda una m\u00ednima de 18 grados y una m\u00e1xima de 32 grados. En estas localidades se prev\u00e9 cielo entre parcialmente y mayormente nublado.<\/p>\n<p>En Victoria y Gualeguay por \u00faltimo, se espera una m\u00ednima de 18 grados y una m\u00e1xima de 32 grados. Tambi\u00e9n se espera un aumento de la nubosidad durante el d\u00eda, sin lluvias.<\/p>\n","protected":false},"excerpt":{"rendered":"<p>El fin de semana llega un frente fr\u00edo que provocar\u00e1 un cambio en las condiciones del tiempo. Las inestabilidades ocasionar\u00e1n lluvias y tormentas &nbsp; &nbsp; El Servicio Meteorol\u00f3gico Nacional -SMN- informa buen tiempo para este viernes 21 de marzo en Entre R\u00edos. La jornada se presentar\u00e1 inicialmente soleada, pero luego ir\u00e1 aumentando la nubosidad. Este viernes y s\u00e1bado ser\u00e1n los \u00faltimos d\u00edas de calor en la provincia. Para ambas jornadas se pronostican m\u00e1ximas de hasta 33 grados. Luego, llegar\u00e1 un frente fr\u00edo que provocar\u00e1 un cambio de tiempo. Seg\u00fan el&#8230;<\/p>\n","protected":false},"author":3,"featured_media":107743,"comment_status":"closed","ping_status":"closed","sticky":false,"template":"","format":"standard","meta":[],"categories":[15],"tags":[],"_links":{"self":[{"href":"https:\/\/www.actualidadadiario.com\/index.php\/wp-json\/wp\/v2\/posts\/126276"}],"collection":[{"href":"https:\/\/www.actualidadadiario.com\/index.php\/wp-json\/wp\/v2\/posts"}],"about":[{"href":"https:\/\/www.actualidadadiario.com\/index.php\/wp-json\/wp\/v2\/types\/post"}],"author":[{"embeddable":true,"href":"https:\/\/www.actualidadadiario.com\/index.php\/wp-json\/wp\/v2\/users\/3"}],"replies":[{"embeddable":true,"href":"https:\/\/www.actualidadadiario.com\/index.php\/wp-json\/wp\/v2\/comments?post=126276"}],"version-history":[{"count":1,"href":"https:\/\/www.actualidadadiario.com\/index.php\/wp-json\/wp\/v2\/posts\/126276\/revisions"}],"predecessor-version":[{"id":126277,"href":"https:\/\/www.actualidadadiario.com\/index.php\/wp-json\/wp\/v2\/posts\/126276\/revisions\/126277"}],"wp:featuredmedia":[{"embeddable":true,"href":"https:\/\/www.actualidadadiario.com\/index.php\/wp-json\/wp\/v2\/media\/107743"}],"wp:attachment":[{"href":"https:\/\/www.actualidadadiario.com\/index.php\/wp-json\/wp\/v2\/media?parent=126276"}],"wp:term":[{"taxonomy":"category","embeddable":true,"href":"https:\/\/www.actualidadadiario.com\/index.php\/wp-json\/wp\/v2\/categories?post=126276"},{"taxonomy":"post_tag","embeddable":true,"href":"https:\/\/www.actualidadadiario.com\/index.php\/wp-json\/wp\/v2\/tags?post=126276"}],"curies":[{"name":"wp","href":"https:\/\/api.w.org\/{rel}","templated":true}]}}