{"id":126273,"date":"2025-03-21T11:01:24","date_gmt":"2025-03-21T14:01:24","guid":{"rendered":"https:\/\/www.actualidadadiario.com\/?p=126273"},"modified":"2025-03-21T17:14:57","modified_gmt":"2025-03-21T20:14:57","slug":"frigerio-sobre-el-acuerdo-de-iosper-con-medicos-no-hay-excusas-para-cobrar-el-plus","status":"publish","type":"post","link":"https:\/\/www.actualidadadiario.com\/index.php\/2025\/03\/21\/frigerio-sobre-el-acuerdo-de-iosper-con-medicos-no-hay-excusas-para-cobrar-el-plus\/","title":{"rendered":"Frigerio sobre el acuerdo de IOSPER con m\u00e9dicos: \u201cNo hay excusas para cobrar el plus\u201d"},"content":{"rendered":"<p style=\"text-align: center;\"><em><strong>El gobernador repas\u00f3 las principales medidas tomadas en los dos meses que lleva la intervenci\u00f3n. Advirti\u00f3 que se retirar\u00e1 de la cartilla a los profesionales que cobren m\u00e1s que el coseguro<\/strong><\/em><\/p>\n<p>&nbsp;<\/p>\n<p>&nbsp;<\/p>\n<p>El gobernador Rogelio Frigerio hizo este viernes un balance de los dos meses que lleva la intervenci\u00f3n del IOSPER, la obra social provincial donde asegur\u00f3 que se encontr\u00f3 \u201cmucha opacidad y poca transparencia\u201d. Destac\u00f3 en particular la \u00faltima noticia de relevancia para los afiliados: el acuerdo con la Federaci\u00f3n M\u00e9dica de Entre R\u00edos (FEMER) para terminar con el cobro ilegal de plus que hab\u00eda impuesto la entidad profesional a fines del a\u00f1o pasado.<\/p>\n<p>\u201cSe aumentan los honorarios sin trasladar el costo a los pacientes. No se aumenta el coseguro. No hay excusas para cobrar el plus. Si detectamos un profesional que lo cobre, le vamos a pedir a FEMER que lo retire de la cartilla\u201d, sentenci\u00f3 Frigerio en conferencia de prensa.<\/p>\n<p>&nbsp;<\/p>\n<p><strong>Avance con cirug\u00edas y pr\u00f3tesis<\/strong><\/p>\n<p>El mandatario resalt\u00f3 adem\u00e1s que las auditor\u00edas emprendidas por la intervenci\u00f3n a cargo de Mariano Gallegos detectaron alrededor de 1.200 pacientes que esperaban pr\u00f3tesis y cirug\u00edas en algunos casos por m\u00e1s de un a\u00f1o. El gobernador explic\u00f3 que se puso como prioridad la \u201cregularizaci\u00f3n\u201d de estas situaciones y anunci\u00f3 que en unos 90 d\u00edas se atender\u00e1n estos casos, a partir de un acuerdo con la Asociaci\u00f3n de Cl\u00ednicas (ACLER).<\/p>\n<p>\u201cHab\u00eda un solo proveedor de pr\u00f3tesis en la provincia. Se trabajaba con contrataci\u00f3n directa y con los precios que \u00e9ste quer\u00eda\u201d, cuestion\u00f3 Frigerio.\u00a0 Y repas\u00f3 que ahora se firmaron convenios de provisi\u00f3n con otras cinco empresas proveedoras para llevar adelante las cirug\u00edas programadas.<\/p>\n<p>Tambi\u00e9n mencion\u00f3 que no hab\u00eda un banco de pr\u00f3tesis para responder emergencias y que se crear\u00e1n 13 bancos en distintos efectores para afrontar estas eventualidades.<\/p>\n<p>Por otro lado, el gobernador precis\u00f3 que las auditor\u00edas de la intervenci\u00f3n encontraron una deuda de 42.000 millones de pesos del IOSPER con distintos acreedores. \u201cEn dos meses la redujimos en 5.000 millones de pesos negociando una quita y se pag\u00f3 el 30% de esa deuda. El resto se pagar\u00e1 en los pr\u00f3ximos meses\u201d, asegur\u00f3.<\/p>\n<p>&nbsp;<\/p>\n<p><strong>Contratos<\/strong><\/p>\n<p>Frigerio tambi\u00e9n ponder\u00f3 la baja de 100 contratos del personal de la obra social que, afirm\u00f3, \u201cno ven\u00eda a trabajar, hab\u00eda entrado por la pol\u00edtica y en algunos casos no viv\u00edan en el pa\u00eds\u201d.<\/p>\n<p>Tambi\u00e9n valor\u00f3 que la intervenci\u00f3n elimin\u00f3 \u201cgastos operativos innecesarios por 16.000 millones de pesos\u201d.<\/p>\n<p>Entre otros avances, dijo que se firmaron convenios para destrabar tratamientos en\u00a0 cl\u00ednicas y sanatorios en Buenos Aires y de la Costa del Uruguay y que est\u00e1n en proceso respectivos acuerdos con farmac\u00e9uticos y profesionales independientes.<\/p>\n<p>&nbsp;<\/p>\n<p><strong>Eliminaci\u00f3n del plus<\/strong><\/p>\n<p>El Instituto de Obra Social de la Provincia de Entre R\u00edos (Iosper) anunci\u00f3 este jueves que el coseguro para sus afiliados se mantendr\u00e1 en 2.500 pesos y se eliminar\u00e1n los aranceles compensatorios. La medida surge del nuevo convenio alcanzado entre el organismo y la Federaci\u00f3n M\u00e9dica de Entre R\u00edos (Femer).<\/p>\n<p>El interventor de la obra social, Mariano Gallegos, asegur\u00f3: \u201cAumentamos los honorarios profesionales sin aumentar el coseguro\u201d.<\/p>\n<p>El acuerdo busca ordenar el r\u00e9gimen de cobro de coseguros que a fines del a\u00f1o pasado hab\u00eda entrado en una situaci\u00f3n irregular. En noviembre la disconformidad de la entidad profesional con el nivel de sus honorarios hab\u00eda llevado a imponer el cobro de \u201cplus\u201d m\u00e9dico (lo cual es ilegal en Entre R\u00edos) a los afiliados a la obra social provincial.<\/p>\n<p>Al coseguro de $2.500 de las consultas se hab\u00eda agregado el cobro de $5.000 de plus. \u201cArancel compensador\u201d fue el t\u00e9rmino acu\u00f1ado por FEMER para el monto. As\u00ed, lo que deb\u00eda pagar el afiliado ascend\u00eda a $7.500, tomando como referencia s\u00f3lo las consultas.<\/p>\n<p>A comienzos de marzo hab\u00eda trascendido un consenso entre los directivos m\u00e9dicos y los interventores de la obra social para incrementar el valor del coseguro un 100%: pasar\u00eda de $2.500 a $5.000 y as\u00ed se eliminar\u00eda el plus de $2.500. El monto final a pagar antes de entrar al consultorio ser\u00eda $5.000.<\/p>\n<p>Ahora, finalmente, se regresa al coseguro de $2.500.<\/p>\n","protected":false},"excerpt":{"rendered":"<p>El gobernador repas\u00f3 las principales medidas tomadas en los dos meses que lleva la intervenci\u00f3n. Advirti\u00f3 que se retirar\u00e1 de la cartilla a los profesionales que cobren m\u00e1s que el coseguro &nbsp; &nbsp; El gobernador Rogelio Frigerio hizo este viernes un balance de los dos meses que lleva la intervenci\u00f3n del IOSPER, la obra social provincial donde asegur\u00f3 que se encontr\u00f3 \u201cmucha opacidad y poca transparencia\u201d. Destac\u00f3 en particular la \u00faltima noticia de relevancia para los afiliados: el acuerdo con la Federaci\u00f3n M\u00e9dica de Entre R\u00edos (FEMER) para terminar con&#8230;<\/p>\n","protected":false},"author":3,"featured_media":126292,"comment_status":"closed","ping_status":"closed","sticky":false,"template":"","format":"standard","meta":[],"categories":[9],"tags":[],"_links":{"self":[{"href":"https:\/\/www.actualidadadiario.com\/index.php\/wp-json\/wp\/v2\/posts\/126273"}],"collection":[{"href":"https:\/\/www.actualidadadiario.com\/index.php\/wp-json\/wp\/v2\/posts"}],"about":[{"href":"https:\/\/www.actualidadadiario.com\/index.php\/wp-json\/wp\/v2\/types\/post"}],"author":[{"embeddable":true,"href":"https:\/\/www.actualidadadiario.com\/index.php\/wp-json\/wp\/v2\/users\/3"}],"replies":[{"embeddable":true,"href":"https:\/\/www.actualidadadiario.com\/index.php\/wp-json\/wp\/v2\/comments?post=126273"}],"version-history":[{"count":1,"href":"https:\/\/www.actualidadadiario.com\/index.php\/wp-json\/wp\/v2\/posts\/126273\/revisions"}],"predecessor-version":[{"id":126275,"href":"https:\/\/www.actualidadadiario.com\/index.php\/wp-json\/wp\/v2\/posts\/126273\/revisions\/126275"}],"wp:featuredmedia":[{"embeddable":true,"href":"https:\/\/www.actualidadadiario.com\/index.php\/wp-json\/wp\/v2\/media\/126292"}],"wp:attachment":[{"href":"https:\/\/www.actualidadadiario.com\/index.php\/wp-json\/wp\/v2\/media?parent=126273"}],"wp:term":[{"taxonomy":"category","embeddable":true,"href":"https:\/\/www.actualidadadiario.com\/index.php\/wp-json\/wp\/v2\/categories?post=126273"},{"taxonomy":"post_tag","embeddable":true,"href":"https:\/\/www.actualidadadiario.com\/index.php\/wp-json\/wp\/v2\/tags?post=126273"}],"curies":[{"name":"wp","href":"https:\/\/api.w.org\/{rel}","templated":true}]}}