{"id":126263,"date":"2025-03-21T10:51:58","date_gmt":"2025-03-21T13:51:58","guid":{"rendered":"https:\/\/www.actualidadadiario.com\/?p=126263"},"modified":"2025-03-21T10:51:58","modified_gmt":"2025-03-21T13:51:58","slug":"por-ordenanza-municipal-veteranos-de-malvinas-ingresaran-gratis-al-parque-termal-y-acuatico-de-federacion","status":"publish","type":"post","link":"https:\/\/www.actualidadadiario.com\/index.php\/2025\/03\/21\/por-ordenanza-municipal-veteranos-de-malvinas-ingresaran-gratis-al-parque-termal-y-acuatico-de-federacion\/","title":{"rendered":"Por ordenanza municipal, Veteranos de Malvinas ingresar\u00e1n gratis al parque termal y acu\u00e1tico de Federaci\u00f3n"},"content":{"rendered":"<p style=\"text-align: center;\"><em><strong>El Honorable Concejo Deliberante de Federaci\u00f3n, en la noche de este jueves sancion\u00f3 una ordenanza que establece el ingreso gratuito al Parque Termal y Acu\u00e1tico de la ciudad para todos los Veteranos de Guerra de Malvinas<\/strong><\/em><\/p>\n<p>&nbsp;<\/p>\n<p>&nbsp;<\/p>\n<p>La iniciativa, aprobada por unanimidad, fue presentada por el concejal del Bloque Justicialista, Javier Surt, y busca reconocer y homenajear a quienes participaron en el conflicto del Atl\u00e1ntico Sur entre el 2 de abril y el 14 de junio de 1982.<\/p>\n<p>Desde el retorno de los excombatientes, la comunidad argentina ha expresado su gratitud a trav\u00e9s de diversas acciones y reconocimientos. A nivel local, ordenanzas previas han reafirmado el compromiso de Federaci\u00f3n con la memoria y el respeto hacia quienes defendieron la soberan\u00eda nacional.<\/p>\n<p>\u201cEs una obligaci\u00f3n moral y un acto de justicia brindar reconocimiento a quienes ofrecieron su vida por la patria. Este homenaje tangible busca mantener viva la memoria colectiva y reafirmar el compromiso de nuestra comunidad con los valores de sacrificio y patriotismo\u201d, se\u00f1al\u00f3 Javier Surt.<\/p>\n<p>La iniciativa establece que la Secretar\u00eda de Turismo ser\u00e1 la autoridad encargada de aplicar la medida y garantizar su cumplimiento. Para acceder al beneficio, los veteranos deber\u00e1n acreditar su condici\u00f3n mediante la presentaci\u00f3n del Documento Nacional de Identidad de Veterano de Guerra de Malvinas.<\/p>\n<p>\u201cCon esta acci\u00f3n, Federaci\u00f3n reafirma su compromiso con la historia y con aquellos que, con hero\u00edsmo y entrega, defendieron la soberan\u00eda nacional en una de las gestas m\u00e1s significativas del pa\u00eds\u201d subrayo el Concejal Justicialista.<\/p>\n","protected":false},"excerpt":{"rendered":"<p>El Honorable Concejo Deliberante de Federaci\u00f3n, en la noche de este jueves sancion\u00f3 una ordenanza que establece el ingreso gratuito al Parque Termal y Acu\u00e1tico de la ciudad para todos los Veteranos de Guerra de Malvinas &nbsp; &nbsp; La iniciativa, aprobada por unanimidad, fue presentada por el concejal del Bloque Justicialista, Javier Surt, y busca reconocer y homenajear a quienes participaron en el conflicto del Atl\u00e1ntico Sur entre el 2 de abril y el 14 de junio de 1982. Desde el retorno de los excombatientes, la comunidad argentina ha expresado&#8230;<\/p>\n","protected":false},"author":3,"featured_media":109509,"comment_status":"closed","ping_status":"closed","sticky":false,"template":"","format":"standard","meta":[],"categories":[15],"tags":[],"_links":{"self":[{"href":"https:\/\/www.actualidadadiario.com\/index.php\/wp-json\/wp\/v2\/posts\/126263"}],"collection":[{"href":"https:\/\/www.actualidadadiario.com\/index.php\/wp-json\/wp\/v2\/posts"}],"about":[{"href":"https:\/\/www.actualidadadiario.com\/index.php\/wp-json\/wp\/v2\/types\/post"}],"author":[{"embeddable":true,"href":"https:\/\/www.actualidadadiario.com\/index.php\/wp-json\/wp\/v2\/users\/3"}],"replies":[{"embeddable":true,"href":"https:\/\/www.actualidadadiario.com\/index.php\/wp-json\/wp\/v2\/comments?post=126263"}],"version-history":[{"count":1,"href":"https:\/\/www.actualidadadiario.com\/index.php\/wp-json\/wp\/v2\/posts\/126263\/revisions"}],"predecessor-version":[{"id":126264,"href":"https:\/\/www.actualidadadiario.com\/index.php\/wp-json\/wp\/v2\/posts\/126263\/revisions\/126264"}],"wp:featuredmedia":[{"embeddable":true,"href":"https:\/\/www.actualidadadiario.com\/index.php\/wp-json\/wp\/v2\/media\/109509"}],"wp:attachment":[{"href":"https:\/\/www.actualidadadiario.com\/index.php\/wp-json\/wp\/v2\/media?parent=126263"}],"wp:term":[{"taxonomy":"category","embeddable":true,"href":"https:\/\/www.actualidadadiario.com\/index.php\/wp-json\/wp\/v2\/categories?post=126263"},{"taxonomy":"post_tag","embeddable":true,"href":"https:\/\/www.actualidadadiario.com\/index.php\/wp-json\/wp\/v2\/tags?post=126263"}],"curies":[{"name":"wp","href":"https:\/\/api.w.org\/{rel}","templated":true}]}}