{"id":126243,"date":"2025-03-20T15:28:33","date_gmt":"2025-03-20T18:28:33","guid":{"rendered":"https:\/\/www.actualidadadiario.com\/?p=126243"},"modified":"2025-03-20T15:28:33","modified_gmt":"2025-03-20T18:28:33","slug":"corte-suprema-el-senado-puso-fecha-para-el-tratamiento-de-los-pliegos-de-lijo-y-garcia-mansilla","status":"publish","type":"post","link":"https:\/\/www.actualidadadiario.com\/index.php\/2025\/03\/20\/corte-suprema-el-senado-puso-fecha-para-el-tratamiento-de-los-pliegos-de-lijo-y-garcia-mansilla\/","title":{"rendered":"Corte Suprema: el Senado puso fecha para el tratamiento de los pliegos de Lijo y Garc\u00eda Mansilla"},"content":{"rendered":"<p style=\"text-align: center;\"><em><strong>Victoria Villarruel convoc\u00f3 a una sesi\u00f3n especial para el jueves 3 de abril a las 14, en la que se definir\u00e1 el futuro de ambos jueces respecto de si integrar\u00e1n o no el m\u00e1ximo tribunal<\/strong><\/em><\/p>\n<p>&nbsp;<\/p>\n<p>&nbsp;<\/p>\n<p>La presidenta del Senado, Victoria Villarruel, convoc\u00f3 este jueves a una sesi\u00f3n especial para el jueves 3 de abril, a las 14, en la que el cuerpo deber\u00e1 tratar los pliegos de los jueces Ariel Lijo y Manuel Garc\u00eda Mansilla, postulados por el Poder Ejecutivo para integrar la Corte Suprema de Justicia.<\/p>\n<p>La convocatoria de Villarruel responde a un pedido de sesi\u00f3n especial que motoriz\u00f3 el interbloque peronista la semana pasada con el objetivo de ir al recinto este jueves. Sin embargo, al haberse tratado de un pedido de sesi\u00f3n especial, Villarruel pod\u00eda disponer el d\u00eda y la hora de la sesi\u00f3n, y, como consecuencia, retrasar la solicitud de la bancada opositora.<\/p>\n<p>Para evitar las cr\u00edticas a su figura, la vicepresidenta pate\u00f3 para la primera semana de abril el encuentro. De esta manera, evit\u00f3 ser el blanco de cr\u00edticas por mantener el Senado cerrado y le pas\u00f3 la pelota a la Casa Rosada y a los integrantes del cuerpo.<\/p>\n<p>&nbsp;<\/p>\n<p><strong>El decreto<\/strong><\/p>\n<p>Los pliegos de Lijo y Garc\u00eda Mansilla ingresaron a la C\u00e1mara alta el 27 de mayo de 2024. Al no haber sido tratados, el 26 de febrero pasado el Gobierno design\u00f3 a ambos jueces en comisi\u00f3n a trav\u00e9s de un decreto. La decisi\u00f3n del presidente Javier Milei tuvo como motivaci\u00f3n que &#8220;los intereses de la pol\u00edtica no se interpongan por sobre los del pueblo argentino&#8221;.<\/p>\n<p>La nominaci\u00f3n en comisi\u00f3n significa que ambos magistrados integrar\u00e1n el m\u00e1ximo tribunal de Justicia &#8220;hasta la finalizaci\u00f3n del pr\u00f3ximo periodo legislativo, con el objetivo de normalizar el funcionamiento del m\u00e1ximo tribunal judicial de nuestro pa\u00eds, el cual no puede llevar a cabo su rol con normalidad con tan solo tres ministros&#8221;.<\/p>\n<p>Garc\u00eda Mansilla jur\u00f3 el 27 de febrero como nuevo juez de la Corte, en una ceremonia que presidi\u00f3 Horacio Rosatti en el Sal\u00f3n Bermejo del cuarto piso del Palacio de Tribunales y con la presencia de los otros dos magistrados del m\u00e1ximo tribunal del pa\u00eds, Carlos Rosenkrantz y Ricardo Lorenzetti.<\/p>\n<p>En cuanto a Lijo, el m\u00e1ximo tribunal decidi\u00f3 por mayor\u00eda simple no aceptar el pedido de licencia en su juzgado federal. En una inesperada decisi\u00f3n, los supremos Rosatti, Rosenkrantz y Garc\u00eda Mansilla consideraron que Lijo deber\u00e1 renunciar a su cargo como titular del Juzgado Criminal y Correccional Federal N\u00ba 4 si pretende asumir en la Corte. Solo Ricardo Lorenzetti se pronunci\u00f3 a favor de tomarle juramento al magistrado bajo licencia.<\/p>\n","protected":false},"excerpt":{"rendered":"<p>Victoria Villarruel convoc\u00f3 a una sesi\u00f3n especial para el jueves 3 de abril a las 14, en la que se definir\u00e1 el futuro de ambos jueces respecto de si integrar\u00e1n o no el m\u00e1ximo tribunal &nbsp; &nbsp; La presidenta del Senado, Victoria Villarruel, convoc\u00f3 este jueves a una sesi\u00f3n especial para el jueves 3 de abril, a las 14, en la que el cuerpo deber\u00e1 tratar los pliegos de los jueces Ariel Lijo y Manuel Garc\u00eda Mansilla, postulados por el Poder Ejecutivo para integrar la Corte Suprema de Justicia. La&#8230;<\/p>\n","protected":false},"author":3,"featured_media":123095,"comment_status":"closed","ping_status":"closed","sticky":false,"template":"","format":"standard","meta":[],"categories":[18],"tags":[],"_links":{"self":[{"href":"https:\/\/www.actualidadadiario.com\/index.php\/wp-json\/wp\/v2\/posts\/126243"}],"collection":[{"href":"https:\/\/www.actualidadadiario.com\/index.php\/wp-json\/wp\/v2\/posts"}],"about":[{"href":"https:\/\/www.actualidadadiario.com\/index.php\/wp-json\/wp\/v2\/types\/post"}],"author":[{"embeddable":true,"href":"https:\/\/www.actualidadadiario.com\/index.php\/wp-json\/wp\/v2\/users\/3"}],"replies":[{"embeddable":true,"href":"https:\/\/www.actualidadadiario.com\/index.php\/wp-json\/wp\/v2\/comments?post=126243"}],"version-history":[{"count":1,"href":"https:\/\/www.actualidadadiario.com\/index.php\/wp-json\/wp\/v2\/posts\/126243\/revisions"}],"predecessor-version":[{"id":126244,"href":"https:\/\/www.actualidadadiario.com\/index.php\/wp-json\/wp\/v2\/posts\/126243\/revisions\/126244"}],"wp:featuredmedia":[{"embeddable":true,"href":"https:\/\/www.actualidadadiario.com\/index.php\/wp-json\/wp\/v2\/media\/123095"}],"wp:attachment":[{"href":"https:\/\/www.actualidadadiario.com\/index.php\/wp-json\/wp\/v2\/media?parent=126243"}],"wp:term":[{"taxonomy":"category","embeddable":true,"href":"https:\/\/www.actualidadadiario.com\/index.php\/wp-json\/wp\/v2\/categories?post=126243"},{"taxonomy":"post_tag","embeddable":true,"href":"https:\/\/www.actualidadadiario.com\/index.php\/wp-json\/wp\/v2\/tags?post=126243"}],"curies":[{"name":"wp","href":"https:\/\/api.w.org\/{rel}","templated":true}]}}