{"id":126240,"date":"2025-03-20T15:27:45","date_gmt":"2025-03-20T18:27:45","guid":{"rendered":"https:\/\/www.actualidadadiario.com\/?p=126240"},"modified":"2025-03-20T15:27:45","modified_gmt":"2025-03-20T18:27:45","slug":"la-cgt-se-reune-para-definir-la-fecha-y-modalidad-del-tercer-paro-general-en-la-era-milei","status":"publish","type":"post","link":"https:\/\/www.actualidadadiario.com\/index.php\/2025\/03\/20\/la-cgt-se-reune-para-definir-la-fecha-y-modalidad-del-tercer-paro-general-en-la-era-milei\/","title":{"rendered":"La CGT se re\u00fane para definir la fecha y modalidad del tercer paro general en la era Milei"},"content":{"rendered":"<p style=\"text-align: center;\"><em><strong>En un principio se dijo que la huelga podr\u00eda ser el 8 de abril, pero luego surgieron versiones que aseguran que se realizar\u00e1 el 10<\/strong><\/em><\/p>\n<p>&nbsp;<\/p>\n<p>&nbsp;<\/p>\n<p>El Consejo Directivo de la CGT se re\u00fane este jueves en la sede de la central para definir la fecha exacta y modalidad del tercer paro general que decidi\u00f3 activar en la gesti\u00f3n de Javier Milei.<\/p>\n<p>En la previa se discuti\u00f3 la posibilidad de concretar la huelga el 8 de abril, pero luego surgieron versiones acerca de que se realizar\u00e1 el 10 de ese mes con una movilizaci\u00f3n el d\u00eda previo.<\/p>\n<p>Al final todo se definir\u00e1 este jueves por la tarde cuando concluya el encuentro de los dirigentes que integran la conducci\u00f3n de la entidad de la calle Azopardo.<\/p>\n<p>El ala de la central obrera m\u00e1s opositora al Gobierno fue la que motoriz\u00f3 un planteo para que los jefes sindicales declaren una nueva medida de fuerza, luego de los dos paros realizados el 24 de enero y el 9 de mayo, en los inicios de la gesti\u00f3n libertaria.<\/p>\n<p>Los \u00e1nimos puertas adentro de la CGT subieron de tono luego de la marcha del mi\u00e9rcoles de la semana pasada que fue salvajemente reprimida por las fuerzas de seguridad.<\/p>\n","protected":false},"excerpt":{"rendered":"<p>En un principio se dijo que la huelga podr\u00eda ser el 8 de abril, pero luego surgieron versiones que aseguran que se realizar\u00e1 el 10 &nbsp; &nbsp; El Consejo Directivo de la CGT se re\u00fane este jueves en la sede de la central para definir la fecha exacta y modalidad del tercer paro general que decidi\u00f3 activar en la gesti\u00f3n de Javier Milei. En la previa se discuti\u00f3 la posibilidad de concretar la huelga el 8 de abril, pero luego surgieron versiones acerca de que se realizar\u00e1 el 10 de&#8230;<\/p>\n","protected":false},"author":3,"featured_media":126241,"comment_status":"closed","ping_status":"closed","sticky":false,"template":"","format":"standard","meta":[],"categories":[18],"tags":[],"_links":{"self":[{"href":"https:\/\/www.actualidadadiario.com\/index.php\/wp-json\/wp\/v2\/posts\/126240"}],"collection":[{"href":"https:\/\/www.actualidadadiario.com\/index.php\/wp-json\/wp\/v2\/posts"}],"about":[{"href":"https:\/\/www.actualidadadiario.com\/index.php\/wp-json\/wp\/v2\/types\/post"}],"author":[{"embeddable":true,"href":"https:\/\/www.actualidadadiario.com\/index.php\/wp-json\/wp\/v2\/users\/3"}],"replies":[{"embeddable":true,"href":"https:\/\/www.actualidadadiario.com\/index.php\/wp-json\/wp\/v2\/comments?post=126240"}],"version-history":[{"count":1,"href":"https:\/\/www.actualidadadiario.com\/index.php\/wp-json\/wp\/v2\/posts\/126240\/revisions"}],"predecessor-version":[{"id":126242,"href":"https:\/\/www.actualidadadiario.com\/index.php\/wp-json\/wp\/v2\/posts\/126240\/revisions\/126242"}],"wp:featuredmedia":[{"embeddable":true,"href":"https:\/\/www.actualidadadiario.com\/index.php\/wp-json\/wp\/v2\/media\/126241"}],"wp:attachment":[{"href":"https:\/\/www.actualidadadiario.com\/index.php\/wp-json\/wp\/v2\/media?parent=126240"}],"wp:term":[{"taxonomy":"category","embeddable":true,"href":"https:\/\/www.actualidadadiario.com\/index.php\/wp-json\/wp\/v2\/categories?post=126240"},{"taxonomy":"post_tag","embeddable":true,"href":"https:\/\/www.actualidadadiario.com\/index.php\/wp-json\/wp\/v2\/tags?post=126240"}],"curies":[{"name":"wp","href":"https:\/\/api.w.org\/{rel}","templated":true}]}}