{"id":126232,"date":"2025-03-20T15:24:01","date_gmt":"2025-03-20T18:24:01","guid":{"rendered":"https:\/\/www.actualidadadiario.com\/?p=126232"},"modified":"2025-03-20T15:24:01","modified_gmt":"2025-03-20T18:24:01","slug":"cronograma-confirmado-para-las-elecciones-2025-cierre-de-listas-padron-y-cuando-se-vota","status":"publish","type":"post","link":"https:\/\/www.actualidadadiario.com\/index.php\/2025\/03\/20\/cronograma-confirmado-para-las-elecciones-2025-cierre-de-listas-padron-y-cuando-se-vota\/","title":{"rendered":"Cronograma confirmado para las elecciones 2025: cierre de listas, padr\u00f3n y cu\u00e1ndo se vota"},"content":{"rendered":"<p style=\"text-align: center;\"><em><strong>La suspensi\u00f3n de las PASO represent\u00f3 modificaciones en el calendario electoral. \u00bfCu\u00e1ndo cierran las listas y cu\u00e1ndo se vota?<\/strong><\/em><\/p>\n<p>&nbsp;<\/p>\n<p>&nbsp;<\/p>\n<p>La Direcci\u00f3n Nacional Electoral (CNE) confirm\u00f3 el cronograma electoral para las elecciones legislativas 2025. La suspensi\u00f3n de las Primarias, Abiertas, Simult\u00e1neas y Obligatorias (PASO) fue, hasta ahora, uno de los hechos de mayor relevancia alrededor de la elecci\u00f3n de este a\u00f1o.<\/p>\n<p>Ya con varios confirmados a presentarse en los comicios, como es el caso de Horacio Rodr\u00edguez Larreta, el calendario electoral tiene todas sus fechas establecidas.<\/p>\n<p>&nbsp;<\/p>\n<p><strong>Suspensi\u00f3n de las PASO 2025<\/strong><\/p>\n<p>Este a\u00f1o no se realizar\u00e1n las PASO y la medida gener\u00f3 cambios en las fechas previas al cierre de padr\u00f3n y de listas, como tambi\u00e9n podr\u00eda incidir en la estrategia electoral de las distintas coaliciones, dado que no se contar\u00e1 con una instancia previa para medir fuerzas ni para consolidar liderazgos antes de la elecci\u00f3n general.<\/p>\n<p>Adem\u00e1s, ser\u00e1 en los pr\u00f3ximos comicios en los que se implementar\u00e1 la Boleta \u00danica de Papel por primera vez en todo el pa\u00eds.<\/p>\n<p>De cara a las legislativas, los argentinos deber\u00e1n elegir a 127 diputados nacionales en todo el pa\u00eds y 24 senadores nacionales en 8 distritos.<\/p>\n<p>Diputados renueva 130 de las 257 bancas que posee en total y que representan a los 24 distritos aut\u00f3nomos del pa\u00eds, incluyendo la Ciudad de Buenos Aires. Sin embargo, las elecciones legislativas se realizan cada dos a\u00f1os, ya que la renovaci\u00f3n es parcial. En cada elecci\u00f3n, se elige la mitad de la sala.<\/p>\n<p>&nbsp;<\/p>\n<p><strong>Elecciones 2025: c\u00f3mo qued\u00f3 el cronograma electoral definitivo<\/strong><\/p>\n<p>Acorde a la Acordada Extraordinaria N\u00b026, el calendario qued\u00f3 de la siguiente manera:<\/p>\n<ul>\n<li><strong>19 de abril:<\/strong> cierre del padr\u00f3n provisorio y fecha l\u00edmite para realizar cambios de domicilio y actualizaci\u00f3n de DNI<\/li>\n<li><strong>7 de agosto:<\/strong> finalizaci\u00f3n de registro de alianzas y confederaciones<\/li>\n<li><strong>17 de agosto:<\/strong> finalizaci\u00f3n de registro de candidatos<\/li>\n<li><strong>24 de agosto:<\/strong> sorteo de espacios, franjas y columnas de los partidos que ocupar\u00e1n en la Boleta \u00danica de Papel<\/li>\n<li><strong>1\u00b0 de septiembre:<\/strong> primera exhibici\u00f3n de la Boleta \u00danica de Papel<\/li>\n<li><strong>27 de agosto:<\/strong> inicio de la campa\u00f1a electoral<\/li>\n<li><strong>16 de septiembre:<\/strong> publicaci\u00f3n del padr\u00f3n electoral definitivo<\/li>\n<li><strong>26 de octubre:<\/strong> elecciones legislativas<\/li>\n<\/ul>\n<p>&nbsp;<\/p>\n<p><strong>Donde voto en las elecciones 2025<\/strong><\/p>\n<p>Como en cada proceso electoral, el padr\u00f3n definitivo para saber d\u00f3nde se vota estar\u00e1 disponible en padron.gob.ar.<\/p>\n","protected":false},"excerpt":{"rendered":"<p>La suspensi\u00f3n de las PASO represent\u00f3 modificaciones en el calendario electoral. \u00bfCu\u00e1ndo cierran las listas y cu\u00e1ndo se vota? &nbsp; &nbsp; La Direcci\u00f3n Nacional Electoral (CNE) confirm\u00f3 el cronograma electoral para las elecciones legislativas 2025. La suspensi\u00f3n de las Primarias, Abiertas, Simult\u00e1neas y Obligatorias (PASO) fue, hasta ahora, uno de los hechos de mayor relevancia alrededor de la elecci\u00f3n de este a\u00f1o. Ya con varios confirmados a presentarse en los comicios, como es el caso de Horacio Rodr\u00edguez Larreta, el calendario electoral tiene todas sus fechas establecidas. &nbsp; Suspensi\u00f3n de&#8230;<\/p>\n","protected":false},"author":3,"featured_media":35076,"comment_status":"closed","ping_status":"closed","sticky":false,"template":"","format":"standard","meta":[],"categories":[9],"tags":[],"_links":{"self":[{"href":"https:\/\/www.actualidadadiario.com\/index.php\/wp-json\/wp\/v2\/posts\/126232"}],"collection":[{"href":"https:\/\/www.actualidadadiario.com\/index.php\/wp-json\/wp\/v2\/posts"}],"about":[{"href":"https:\/\/www.actualidadadiario.com\/index.php\/wp-json\/wp\/v2\/types\/post"}],"author":[{"embeddable":true,"href":"https:\/\/www.actualidadadiario.com\/index.php\/wp-json\/wp\/v2\/users\/3"}],"replies":[{"embeddable":true,"href":"https:\/\/www.actualidadadiario.com\/index.php\/wp-json\/wp\/v2\/comments?post=126232"}],"version-history":[{"count":1,"href":"https:\/\/www.actualidadadiario.com\/index.php\/wp-json\/wp\/v2\/posts\/126232\/revisions"}],"predecessor-version":[{"id":126233,"href":"https:\/\/www.actualidadadiario.com\/index.php\/wp-json\/wp\/v2\/posts\/126232\/revisions\/126233"}],"wp:featuredmedia":[{"embeddable":true,"href":"https:\/\/www.actualidadadiario.com\/index.php\/wp-json\/wp\/v2\/media\/35076"}],"wp:attachment":[{"href":"https:\/\/www.actualidadadiario.com\/index.php\/wp-json\/wp\/v2\/media?parent=126232"}],"wp:term":[{"taxonomy":"category","embeddable":true,"href":"https:\/\/www.actualidadadiario.com\/index.php\/wp-json\/wp\/v2\/categories?post=126232"},{"taxonomy":"post_tag","embeddable":true,"href":"https:\/\/www.actualidadadiario.com\/index.php\/wp-json\/wp\/v2\/tags?post=126232"}],"curies":[{"name":"wp","href":"https:\/\/api.w.org\/{rel}","templated":true}]}}