{"id":126227,"date":"2025-03-20T15:21:50","date_gmt":"2025-03-20T18:21:50","guid":{"rendered":"https:\/\/www.actualidadadiario.com\/?p=126227"},"modified":"2025-03-20T15:21:50","modified_gmt":"2025-03-20T18:21:50","slug":"el-indec-dara-a-conocer-el-dato-de-desempleo-del-cuarto-trimestre-de-2024","status":"publish","type":"post","link":"https:\/\/www.actualidadadiario.com\/index.php\/2025\/03\/20\/el-indec-dara-a-conocer-el-dato-de-desempleo-del-cuarto-trimestre-de-2024\/","title":{"rendered":"El INDEC dar\u00e1 a conocer el dato de desempleo del cuarto trimestre de 2024"},"content":{"rendered":"<p style=\"text-align: center;\"><em><strong>El desempleo subi\u00f3 al 6,9% en el tercer trimestre de 2024, esto implic\u00f3 un avance de 1,2 puntos porcentuales (p.p.) frente al mismo per\u00edodo del a\u00f1o pasado. Para los \u00faltimos tres meses del a\u00f1o pasado, se espera que el indicador suba<\/strong><\/em><\/p>\n<p>&nbsp;<\/p>\n<p>&nbsp;<\/p>\n<p>El Instituto Nacional de Estad\u00edstica y Censos (INDEC) dar\u00e1 a conocer este jueves el dato de desempleo del cuarto trimestre de 2024. Se espera que -al igual que en los dem\u00e1s per\u00edodos- de por debajo de 2023, aunque en la comparaci\u00f3n trimestral podr\u00eda mostrar una suba por motivos &#8220;estacionales&#8221;.<\/p>\n<p>El desempleo subi\u00f3 al 6,9% en el tercer trimestre de 2024, esto implic\u00f3 un avance de 1,2 puntos porcentuales (p.p.) frente al mismo per\u00edodo del a\u00f1o pasado, cuando se ubic\u00f3 en el 5,7%, seg\u00fan el \u00faltimo informe del mercado de trabajo que publica el INDEC. En tanto, en la comparaci\u00f3n intertrimestral present\u00f3 un descenso de 0,7 p.p. (de 7,6% vs. 6,9%).<\/p>\n<p>Este dato se contrapone a la \u00faltima encuesta permanente de hogares (EPH), que comprende al &#8220;total urbano&#8221;, es decir, es una muestra m\u00e1s completa; all\u00ed se observ\u00f3 que la desocupaci\u00f3n se ubic\u00f3 en el 6,4% durante el tercer trimestre de 2024, lo que contrasta con el 5,4% del total urbano de un a\u00f1o atr\u00e1s. Extrapolado a toda la sociedad, implica que hay 3.014.400 personas sin empleo.<\/p>\n<p>&nbsp;<\/p>\n<p><strong>Desocupaci\u00f3n: qu\u00e9 se espera de cara al cierre de 2024<\/strong><\/p>\n<p>En un a\u00f1o marcado por la recesi\u00f3n y la motosierra a los empleos p\u00fablicos, se espera que haya una suba interanual del desempleo, que ser\u00eda consecuencia de una ca\u00edda de los trabajadores ocupados, un incremento del n\u00famero de desocupados, un crecimiento de la subocupaci\u00f3n y un aumento de los argentinos que buscan empleo.<\/p>\n<p>&#8220;No veo mayores cambios en comparaci\u00f3n con la din\u00e1mica que tra\u00edamos en los trimestres anteriores. Habr\u00e1 una suba del desempleo en la comparaci\u00f3n interanual, aunque no tan significativa, y posiblemente una ca\u00edda en la comparaci\u00f3n con el tercer trimestre, ya que el cuarto trimestre suele tener, por razones estacionales, una tasa de desempleo m\u00e1s baja&#8221;, se\u00f1al\u00f3 Luis Campos, investigador del Instituto de Estudios y Formaci\u00f3n de la CTA &#8211; Aut\u00f3noma.<\/p>\n<p>&#8220;A\u00fan no hay datos concretos, solo \u00edndices sobre empleo, pero en desocupaci\u00f3n ten\u00e9s que saber qu\u00e9 pas\u00f3 con la actividad. Los datos muestran muy baja creaci\u00f3n de empleo&#8221;, catapult\u00f3 el economista Juan Gra\u00f1a. Si bien se sabe que en CABA la desocupaci\u00f3n subi\u00f3 casi 3 puntos, a 7,5%, del resto del pa\u00eds no sabemos nada, a\u00f1adi\u00f3.<\/p>\n<p>&nbsp;<\/p>\n<p><strong>Desocupaci\u00f3n CABA: se dispar\u00f3 50% en un a\u00f1o y ya afecta al 7,5%, con mayor impacto en mujeres<\/strong><\/p>\n<p>La desocupaci\u00f3n en la Ciudad de Buenos Aires creci\u00f3 m\u00e1s del 50% en el \u00faltimo a\u00f1o y salt\u00f3 desde el 4,6% al 7,5%. En apenas 12 meses se sumaron 38.000 nuevos desocupados. Dentro de las zonas m\u00e1s afectadas de la CABA, se destac\u00f3 el sur.<\/p>\n<p>La cantidad de personas sin trabajo pas\u00f3 de 75.500 en el cuarto trimestre de 2023 a 113.500 en el mismo per\u00edodo de 2024.<\/p>\n<p>Adem\u00e1s, la tasa de desocupaci\u00f3n afect\u00f3 con mayor dureza a las mujeres, ya que alcanz\u00f3 al 7,8%, mientras que la masculina se ubic\u00f3 en el 5,7%.<\/p>\n<p>En la zona Sur de la Ciudad, donde se encuentran las Comunas 4, 8, 9 y 10, se registran los mayores niveles de pobreza. La desocupaci\u00f3n escal\u00f3 al 9,2%, cuando un a\u00f1o atr\u00e1s era del 5,1%.<\/p>\n<p>El aumento del desempleo se da en un contexto donde m\u00e1s personas buscan empleo, incluso aquellas que ya est\u00e1n ocupadas, debido a la p\u00e9rdida de poder adquisitivo de los hogares.<\/p>\n","protected":false},"excerpt":{"rendered":"<p>El desempleo subi\u00f3 al 6,9% en el tercer trimestre de 2024, esto implic\u00f3 un avance de 1,2 puntos porcentuales (p.p.) frente al mismo per\u00edodo del a\u00f1o pasado. Para los \u00faltimos tres meses del a\u00f1o pasado, se espera que el indicador suba &nbsp; &nbsp; El Instituto Nacional de Estad\u00edstica y Censos (INDEC) dar\u00e1 a conocer este jueves el dato de desempleo del cuarto trimestre de 2024. Se espera que -al igual que en los dem\u00e1s per\u00edodos- de por debajo de 2023, aunque en la comparaci\u00f3n trimestral podr\u00eda mostrar una suba por&#8230;<\/p>\n","protected":false},"author":3,"featured_media":44237,"comment_status":"closed","ping_status":"closed","sticky":false,"template":"","format":"standard","meta":[],"categories":[2],"tags":[],"_links":{"self":[{"href":"https:\/\/www.actualidadadiario.com\/index.php\/wp-json\/wp\/v2\/posts\/126227"}],"collection":[{"href":"https:\/\/www.actualidadadiario.com\/index.php\/wp-json\/wp\/v2\/posts"}],"about":[{"href":"https:\/\/www.actualidadadiario.com\/index.php\/wp-json\/wp\/v2\/types\/post"}],"author":[{"embeddable":true,"href":"https:\/\/www.actualidadadiario.com\/index.php\/wp-json\/wp\/v2\/users\/3"}],"replies":[{"embeddable":true,"href":"https:\/\/www.actualidadadiario.com\/index.php\/wp-json\/wp\/v2\/comments?post=126227"}],"version-history":[{"count":1,"href":"https:\/\/www.actualidadadiario.com\/index.php\/wp-json\/wp\/v2\/posts\/126227\/revisions"}],"predecessor-version":[{"id":126228,"href":"https:\/\/www.actualidadadiario.com\/index.php\/wp-json\/wp\/v2\/posts\/126227\/revisions\/126228"}],"wp:featuredmedia":[{"embeddable":true,"href":"https:\/\/www.actualidadadiario.com\/index.php\/wp-json\/wp\/v2\/media\/44237"}],"wp:attachment":[{"href":"https:\/\/www.actualidadadiario.com\/index.php\/wp-json\/wp\/v2\/media?parent=126227"}],"wp:term":[{"taxonomy":"category","embeddable":true,"href":"https:\/\/www.actualidadadiario.com\/index.php\/wp-json\/wp\/v2\/categories?post=126227"},{"taxonomy":"post_tag","embeddable":true,"href":"https:\/\/www.actualidadadiario.com\/index.php\/wp-json\/wp\/v2\/tags?post=126227"}],"curies":[{"name":"wp","href":"https:\/\/api.w.org\/{rel}","templated":true}]}}