{"id":126208,"date":"2025-03-20T11:38:35","date_gmt":"2025-03-20T14:38:35","guid":{"rendered":"https:\/\/www.actualidadadiario.com\/?p=126208"},"modified":"2025-03-20T11:38:35","modified_gmt":"2025-03-20T14:38:35","slug":"acuerdo-jxc-llalo-mejor-es-una-alianza-pero-no-me-da-miedo-ir-separados-dijo-troncoso","status":"publish","type":"post","link":"https:\/\/www.actualidadadiario.com\/index.php\/2025\/03\/20\/acuerdo-jxc-llalo-mejor-es-una-alianza-pero-no-me-da-miedo-ir-separados-dijo-troncoso\/","title":{"rendered":"Acuerdo JxC-LLA:\u201cLo mejor es una alianza, pero no me da miedo ir separados\u201d, dijo Troncoso"},"content":{"rendered":"<p style=\"text-align: center;\"><em><strong>El ministro de Gobierno y Trabajo de Entre R\u00edos, Manuel Troncoso, se refiri\u00f3 al armado del gobierno provincial con dirigentes del peronismo que se van sumando, y tambi\u00e9n analiz\u00f3 el futuro escenario electoral<\/strong><\/em><\/p>\n<p>&nbsp;<\/p>\n<p>&nbsp;<\/p>\n<p>En declaraciones realizadas al programa A Quien Corresponda (Radio Plaza 94.7), Troncoso afirm\u00f3 que \u201cno hay un plan sistem\u00e1tico por el cual uno sale a cazar justicialistas, sino que producto del di\u00e1logo, del laburo que uno hace, de la matriz que tiene el gobierno y de la forma de construir, se van dando charlas y di\u00e1logos, y much\u00edsimas de las incorporaciones se dan despu\u00e9s de un trabajo de mucha charla. A muchos los conozco desde hace muchos a\u00f1os y te van pidiendo pista, no es que uno sale deliberadamente a buscarlos\u201d.<\/p>\n<p>Agreg\u00f3 al respecto: \u201cYo tengo un Ministerio que es bastante grade y con much\u00edsimas cuestiones de gesti\u00f3n y tengo que estar detr\u00e1s de eso, para ir a recolectar necesit\u00e1s mucho tiempo y la verdad es que no me sobra mucho. Pero much\u00edsimas de esas incorporaciones se dieron producto de much\u00edsima charla o fue decantando. A (Marcelo) Bisogni lo conozco hace muchos a\u00f1os\u201d.<\/p>\n<p>Confirm\u00f3 que dicho dirigente \u201cse va a estar sumando a la CAFESG\u201d y aclar\u00f3 que el a\u00f1o pasado \u201cera una posibilidad\u201d que se sumara Gustavo Guzm\u00e1n \u201cy hubo charlas en ese sentido\u201d. \u201cGuzm\u00e1n es una persona que respeto, tiene militancia, pero tambi\u00e9n est\u00e1 en uno. Cuando uno hace una apuesta tan grande es dar un salto, y a veces uno tiene las convicciones para dar el salto y otras veces no, y por eso no voy a dejarlo de hablarlo, de atenderlo, y calculo que rec\u00edprocamente recibir\u00e9 lo mismo. Hubo conversaciones y despu\u00e9s las personas deciden, tampoco es que les digo \u2018si ven\u00eds, te doy esto o lo otro\u2019\u201d.<\/p>\n<p>Adem\u00e1s, aclar\u00f3 que a estas incorporaciones \u201cno las decido yo; sigo siendo justicialista y tengo una cuesti\u00f3n vertical, es algo que pongo en la mesa, lo decidimos en una mesa y el que tiene el OK final es el gobernador\u201d, y admiti\u00f3 que desde el sector oficialista \u201chay much\u00edsimos lugares donde uno puede encontrar alg\u00fan tipo de resistencia; tratamos de que sean las menos porque a las incorporaciones tratamos de charlarlas, trabajarlas, y a veces producto de la vor\u00e1gine de la diaria uno no termina de finalizar todos los di\u00e1logos, pero depende del distrito y del lugar. Hay lugares donde estas cuestiones fluyen m\u00e1s f\u00e1cil y otros lugares donde hay un poco m\u00e1s de resistencia\u201d.<\/p>\n<p>Sobre la postura del radicalismo ante los cargos ocupados por dirigentes peronistas, Troncoso dijo que \u201calguna voz puede haber, pero el radicalismo es la columna vertebral de nuestro movimiento en la provincia, eso es incuestionable. Para m\u00ed fue un aprendizaje, pero la columna vertebral est\u00e1 ah\u00ed, gran parte del motor de la militancia est\u00e1 ah\u00ed, en cada ciudad y en cada pueblo hay un comit\u00e9, la vicegobernadora viene del radicalismo, con lo cual el radicalismo est\u00e1 suficientemente representado en el gobierno y la incorporaci\u00f3n de dirigentes que tengan expresi\u00f3n justicialista no va en detrimento del armado radical ni del musculo radical dentro del movimiento. No son cosas que hay que ver con manique\u00edsmo\u201d.<\/p>\n<p>Consultado por la actitud del radicalismo ante una posible alianza con La Libertad Avanza (LLA), aclar\u00f3: \u201cLa UCR est\u00e1 dirimiendo sus autoridades y ser\u00eda bastante atropellado y poco respetuoso de mi parte decir lo que va a hacer o no el radicalismo cuando est\u00e1 cambiando sus autoridades y est\u00e1 en un proceso de discusi\u00f3n, todav\u00eda no han asumido las nuevas autoridades, y creo que todo eso tiene que ser producto de una charla, no del dedo. Ac\u00e1 nadie va a decir \u2018cerramos con tal y listo\u2019, no es el estilo del gobernador, no es el estilo nuestro, somos dialoguistas y confiamos que la UCR como viene haciendo hasta ahora va a apostar por lo que m\u00e1s le convenga al espacio y al proyecto pol\u00edtico que estamos llevando adelante, que entendemos que es transformador\u201d.<\/p>\n<p>En su convicci\u00f3n personal, sostuvo que \u201clo que m\u00e1s conviene es una alianza, no porque lo diga yo ni porque lo diga Rogelio (Frigerio), sino que entendemos que tiene que ser as\u00ed porque lo que se escucha en la calle de la gente es que quiere que vayamos juntos. Y cuando se ven rencillas en la Ciudad de Buenos Aires, no le conviene a nadie, no representa a la gente ese tipo de peleas, y vuelven a reproducir lo que se combate ret\u00f3ricamente que es el tema de la casta. No podemos hacer peleas por carguitos s\u00ed o carguitos no, tenemos que intentar ver cu\u00e1les son los puntos y denominadores en com\u00fan que tenemos y con eso juntarnos. Si nos seguimos fijando en las diferencias mal podemos representar la voluntad del electorado\u201d.<\/p>\n<p>\u201cAdem\u00e1s hay que aceptar que nosotros en la provincia compartimos electorado con Milei, no reconocerlo es de necios. El gobernador gan\u00f3 la elecci\u00f3n a diputado nacional con casi 25 puntos y yendo divididos en el 2023 ganamos por dos puntos y Milei sac\u00f3 23. Ir divididos es absolutamente contra natura\u201d, evalu\u00f3.<\/p>\n<p>Sobre el nombre para encabezar esa alianza, se\u00f1al\u00f3 que \u201ces una discusi\u00f3n que hay que dar, pero no es lo m\u00e1s importante, lo m\u00e1s importante es traducir la voluntad del elector y la ciudadan\u00eda en una propuesta pol\u00edtica conjunta y colectiva. Pero tampoco me da miedo ir separados, no es que es algo que nos desvele\u201d<\/p>\n<p>Analiz\u00f3 en este marco que \u201csi en la elecci\u00f3n se plebiscita algo nacional, c\u00f3mo vamos a darnos el gusto de ir separados, si lo que estamos discutiendo es seguir adelante con much\u00edsimas cuestiones que est\u00e1n cambiando en el pa\u00eds o volver al pasado\u201d.<\/p>\n<p>\u201cEn lo personal tengo miles de diferencias con el gobierno nacional, pero tambi\u00e9n tengo muchas coincidencias, y siento que en este momento y en esta coyuntura esas coincidencias pesan much\u00edsimo m\u00e1s que las diferencias. Tengo much\u00edsimas diferencias de forma, hay muchas cosas del discurso que no me gustan, de las formas, pero hay otras cuestiones que est\u00e1n cambiando en el pa\u00eds que creo que son muy buenas, y muchos de nosotros sent\u00edamos que hab\u00eda que hacerlas, pero que nadie quer\u00eda asumir el costo, y ahora hay un gobierno nacional que est\u00e1 dispuesto a asumir el costo de much\u00edsimas cuestiones, y es en aras de una convicci\u00f3n ideol\u00f3gica y genuina de que hay cuestiones que tienen que cambiar\u201d.<\/p>\n<p>\u201cNo me gusta el concepto de casta, pero el sistema prebendario que hab\u00eda alrededor de los pol\u00edticos es muy fuerte. Nosotros en la provincia tambi\u00e9n pusimos a la luz muchas cuestiones y terminamos con much\u00edsimos privilegios y es una cuesti\u00f3n de sentido com\u00fan, no es de moda. La gente est\u00e1 harta y Milei que es un tipo tremendamente outsider se tuvo que ir a buscar un representante de afuera para que el sistema cambie. Es un proceso interesante y eso se debe al hartazgo de la gente. Si no recojo el guante y veo que hay un hartazgo generalizado grande, ser\u00eda un necio, y seguir\u00edamos con la joda, con los viajes, etc. Ah\u00ed hay un cambio interesante y esos puntos pesan much\u00edsimo m\u00e1s que las diferencias\u201d, concluy\u00f3.<\/p>\n","protected":false},"excerpt":{"rendered":"<p>El ministro de Gobierno y Trabajo de Entre R\u00edos, Manuel Troncoso, se refiri\u00f3 al armado del gobierno provincial con dirigentes del peronismo que se van sumando, y tambi\u00e9n analiz\u00f3 el futuro escenario electoral &nbsp; &nbsp; En declaraciones realizadas al programa A Quien Corresponda (Radio Plaza 94.7), Troncoso afirm\u00f3 que \u201cno hay un plan sistem\u00e1tico por el cual uno sale a cazar justicialistas, sino que producto del di\u00e1logo, del laburo que uno hace, de la matriz que tiene el gobierno y de la forma de construir, se van dando charlas y&#8230;<\/p>\n","protected":false},"author":3,"featured_media":126209,"comment_status":"closed","ping_status":"closed","sticky":false,"template":"","format":"standard","meta":[],"categories":[15],"tags":[],"_links":{"self":[{"href":"https:\/\/www.actualidadadiario.com\/index.php\/wp-json\/wp\/v2\/posts\/126208"}],"collection":[{"href":"https:\/\/www.actualidadadiario.com\/index.php\/wp-json\/wp\/v2\/posts"}],"about":[{"href":"https:\/\/www.actualidadadiario.com\/index.php\/wp-json\/wp\/v2\/types\/post"}],"author":[{"embeddable":true,"href":"https:\/\/www.actualidadadiario.com\/index.php\/wp-json\/wp\/v2\/users\/3"}],"replies":[{"embeddable":true,"href":"https:\/\/www.actualidadadiario.com\/index.php\/wp-json\/wp\/v2\/comments?post=126208"}],"version-history":[{"count":1,"href":"https:\/\/www.actualidadadiario.com\/index.php\/wp-json\/wp\/v2\/posts\/126208\/revisions"}],"predecessor-version":[{"id":126210,"href":"https:\/\/www.actualidadadiario.com\/index.php\/wp-json\/wp\/v2\/posts\/126208\/revisions\/126210"}],"wp:featuredmedia":[{"embeddable":true,"href":"https:\/\/www.actualidadadiario.com\/index.php\/wp-json\/wp\/v2\/media\/126209"}],"wp:attachment":[{"href":"https:\/\/www.actualidadadiario.com\/index.php\/wp-json\/wp\/v2\/media?parent=126208"}],"wp:term":[{"taxonomy":"category","embeddable":true,"href":"https:\/\/www.actualidadadiario.com\/index.php\/wp-json\/wp\/v2\/categories?post=126208"},{"taxonomy":"post_tag","embeddable":true,"href":"https:\/\/www.actualidadadiario.com\/index.php\/wp-json\/wp\/v2\/tags?post=126208"}],"curies":[{"name":"wp","href":"https:\/\/api.w.org\/{rel}","templated":true}]}}