{"id":126206,"date":"2025-03-20T11:37:18","date_gmt":"2025-03-20T14:37:18","guid":{"rendered":"https:\/\/www.actualidadadiario.com\/?p=126206"},"modified":"2025-03-20T11:37:18","modified_gmt":"2025-03-20T14:37:18","slug":"destacan-el-crecimiento-exponencial-de-la-inversion-en-politicas-alimentarias","status":"publish","type":"post","link":"https:\/\/www.actualidadadiario.com\/index.php\/2025\/03\/20\/destacan-el-crecimiento-exponencial-de-la-inversion-en-politicas-alimentarias\/","title":{"rendered":"Destacan el crecimiento exponencial de la inversi\u00f3n en pol\u00edticas alimentarias"},"content":{"rendered":"<p style=\"text-align: center;\"><em><strong>El presupuesto 2025 destinado a la inversi\u00f3n en pol\u00edticas alimentarias creci\u00f3 exponencialmente en comparaci\u00f3n al a\u00f1o 2024, pasando de 400.000.000 de pesos a 8.200.000.000 de pesos. Se trata del mayor presupuesto en la historia. Los n\u00fameros fueron puestos sobre la mesa en una nueva reuni\u00f3n de la Mesa de Di\u00e1logo Social, que funciona bajo la \u00f3rbita del Ministerio de Desarrollo Humano de la Provincia<\/strong><\/em><\/p>\n<p>&nbsp;<\/p>\n<p>&nbsp;<\/p>\n<p>La actividad estuvo encabezada por el secretario de Articulaci\u00f3n de Pol\u00edtica Social, Ricardo Vales, quien indic\u00f3 que el presupuesto 2025 destinado a la inversi\u00f3n en pol\u00edticas alimentarias creci\u00f3 exponencialmente en comparaci\u00f3n al a\u00f1o 2024, pasando de 400.000.000 de pesos a 8.200.000.000 de pesos.<\/p>\n<p>Se trata del mayor presupuesto hist\u00f3rico de la provincia de Entre R\u00edos destinado a la seguridad alimentaria en cuanto a la compra de alimentos secos, los cuales se distribuyen de manera federal e institucional a cada uno de los municipios, comunas y juntas de gobierno de los 17 departamentos.<\/p>\n<p>Asimismo, Vales inform\u00f3 a los presentes sobre la pr\u00f3rroga de la ley de Emergencia Alimentaria, la cual est\u00e1 vigente hasta el 31 de diciembre del 2025. Al respecto, indic\u00f3: &#8220;Esto nos permite mejorar las herramientas orientadas a optimizar el proceso de inversi\u00f3n en m\u00f3dulos alimentarios y a su distribuci\u00f3n federal y transparente en el territorio&#8221;.<\/p>\n<p>Adem\u00e1s, dijo que el aumento de partidas para el a\u00f1o 2025 fue de 3.556.000.000 de pesos, lo que permiti\u00f3 duplicar, y en algunos casos triplicar, las entregas que se ven\u00edan realizando a\u00f1os anteriores a los jefes comunales de las diferentes localidades de la provincia.<\/p>\n<p>Participaron de la reuni\u00f3n tambi\u00e9n el secretario de Gobiernos Locales, Miguel Heft; la vocal del Consejo General de Educaci\u00f3n, Elsa Chapuis; los diputados provinciales Carlos Alberto Damasco, Silvia Moreno y Carolina Streitenberger; los senadores Casiano Otaegui y V\u00edctor Sanzberro; y representantes de la Universidad Aut\u00f3noma de Entre R\u00edos, C\u00e1ritas, de MTE-UTEP y Libres del Sur.<\/p>\n","protected":false},"excerpt":{"rendered":"<p>El presupuesto 2025 destinado a la inversi\u00f3n en pol\u00edticas alimentarias creci\u00f3 exponencialmente en comparaci\u00f3n al a\u00f1o 2024, pasando de 400.000.000 de pesos a 8.200.000.000 de pesos. Se trata del mayor presupuesto en la historia. Los n\u00fameros fueron puestos sobre la mesa en una nueva reuni\u00f3n de la Mesa de Di\u00e1logo Social, que funciona bajo la \u00f3rbita del Ministerio de Desarrollo Humano de la Provincia &nbsp; &nbsp; La actividad estuvo encabezada por el secretario de Articulaci\u00f3n de Pol\u00edtica Social, Ricardo Vales, quien indic\u00f3 que el presupuesto 2025 destinado a la inversi\u00f3n&#8230;<\/p>\n","protected":false},"author":3,"featured_media":117326,"comment_status":"closed","ping_status":"closed","sticky":false,"template":"","format":"standard","meta":[],"categories":[15],"tags":[],"_links":{"self":[{"href":"https:\/\/www.actualidadadiario.com\/index.php\/wp-json\/wp\/v2\/posts\/126206"}],"collection":[{"href":"https:\/\/www.actualidadadiario.com\/index.php\/wp-json\/wp\/v2\/posts"}],"about":[{"href":"https:\/\/www.actualidadadiario.com\/index.php\/wp-json\/wp\/v2\/types\/post"}],"author":[{"embeddable":true,"href":"https:\/\/www.actualidadadiario.com\/index.php\/wp-json\/wp\/v2\/users\/3"}],"replies":[{"embeddable":true,"href":"https:\/\/www.actualidadadiario.com\/index.php\/wp-json\/wp\/v2\/comments?post=126206"}],"version-history":[{"count":1,"href":"https:\/\/www.actualidadadiario.com\/index.php\/wp-json\/wp\/v2\/posts\/126206\/revisions"}],"predecessor-version":[{"id":126207,"href":"https:\/\/www.actualidadadiario.com\/index.php\/wp-json\/wp\/v2\/posts\/126206\/revisions\/126207"}],"wp:featuredmedia":[{"embeddable":true,"href":"https:\/\/www.actualidadadiario.com\/index.php\/wp-json\/wp\/v2\/media\/117326"}],"wp:attachment":[{"href":"https:\/\/www.actualidadadiario.com\/index.php\/wp-json\/wp\/v2\/media?parent=126206"}],"wp:term":[{"taxonomy":"category","embeddable":true,"href":"https:\/\/www.actualidadadiario.com\/index.php\/wp-json\/wp\/v2\/categories?post=126206"},{"taxonomy":"post_tag","embeddable":true,"href":"https:\/\/www.actualidadadiario.com\/index.php\/wp-json\/wp\/v2\/tags?post=126206"}],"curies":[{"name":"wp","href":"https:\/\/api.w.org\/{rel}","templated":true}]}}