{"id":126203,"date":"2025-03-20T11:36:31","date_gmt":"2025-03-20T14:36:31","guid":{"rendered":"https:\/\/www.actualidadadiario.com\/?p=126203"},"modified":"2025-03-20T11:36:31","modified_gmt":"2025-03-20T14:36:31","slug":"el-senado-entrerriano-sesiono-y-trato-varios-proyectos","status":"publish","type":"post","link":"https:\/\/www.actualidadadiario.com\/index.php\/2025\/03\/20\/el-senado-entrerriano-sesiono-y-trato-varios-proyectos\/","title":{"rendered":"El Senado entrerriano sesion\u00f3 y trat\u00f3 varios proyectos"},"content":{"rendered":"<p style=\"text-align: center;\"><em><strong>Entre las comunicaciones oficiales, el gobernador Rogelio Frigerio solicit\u00f3 que se preste Acuerdo Constitucional para el nombramiento de Mart\u00edn Alejandro Rettore Elena como Fiscal Adjunto de la Fiscal\u00eda de Estado de la Provincia. Adem\u00e1s, se trat\u00f3 el proyecto de la senadora Claudia Silva por el que se modifica el Art\u00edculo 295\u00b0del Reglamento General de Polic\u00eda aprobado por Ley N\u00b0 5.654<\/strong><\/em><\/p>\n<p>&nbsp;<\/p>\n<p>&nbsp;<\/p>\n<p>La C\u00e1mara de Senadores de Entre R\u00edos celebr\u00f3 este mi\u00e9rcoles la Segunda Sesi\u00f3n Ordinaria correspondiente al 146\u00ba Periodo Legislativo. Fue presidida por la vicegobernadora y presidente del cuerpo, Alicia Aluani.<\/p>\n<p>Durante la sesi\u00f3n, los legisladores aprobaron por unanimidad el proyecto de Ley de autor\u00eda de la diputada V\u00e1zquez y de los diputados Streitenberger, Taborda, Godein, Maier, Rastelli, Romero, P\u00e9rez, Lena, Laner, Gallay, Aranda, Bentos y Rossi, por el que se declara el 13 de marzo de cada a\u00f1o como \u201cEl d\u00eda del Federalismo Entrerriano\u201d en todo el territorio de la provincia.<\/p>\n<p>Entre las comunicaciones oficiales, el gobernador Rogelio Frigerio, mediante nota de fecha 7 de marzo de 2025, se dirige a la Presidente de la Honorable C\u00e1mara de Senadores, Alicia Aluani, a fin de solicitarle se preste Acuerdo Constitucional para el nombramiento de Mart\u00edn Alejandro Rettore Elena como Fiscal Adjunto de la Fiscal\u00eda de Estado de la Provincia, en virtud de lo dispuesto en el Art. 3\u00b0 de la Ley N\u00b0 7.296 y lo establecido por el Art\u00edculo 103, inciso 2 de la Constituci\u00f3n Provincial. El pedido de acuerdo solicitado por el mandatario entrerriano pasa a la Comisi\u00f3n de Asuntos Constitucionales y Acuerdos para su correspondiente tratamiento.<\/p>\n<p>Se trat\u00f3, adem\u00e1s, el proyecto de Ley de autor\u00eda de la senadora Claudia Silva (Paran\u00e1- M\u00e1s por Entre R\u00edos), por el que se modifica el Art\u00edculo 295\u00b0del Reglamento General de Polic\u00eda aprobado por Ley N\u00b0 5.654 (Expediente N\u00b0 15.268). La iniciativa pasa a la Comisi\u00f3n de Petici\u00f3n y Milicias.<\/p>\n<p>Tambi\u00e9n se dio tratamiento al proyecto de Ley de autor\u00eda del senador Juan Pablo Cosso (Villaguay- M\u00e1s por Entre R\u00edos) y los senadores D\u00edaz, Conti, Berthet, Oliva, Miranda, Dom\u00ednguez, Silva y Sanzberro, por el que se incorpora como Cap\u00edtulo VII Bis de la ley N\u00b0 11.083 el \u201cDesarrollo de Emplazamientos Industriales\u201d (Expediente N\u00b0 15.271), y se gira a la Comisi\u00f3n de Legislaci\u00f3n General.<\/p>\n<p>Seguidamente, qued\u00f3 aprobado con media sanci\u00f3n el proyecto de Ley de autor\u00eda de la senadora Silva, por el que se autoriza al Superior Gobierno de la Provincia de Entre R\u00edos a transferir a t\u00edtulo gratuito a la Municipalidad de El Pingo un inmueble. Sobre la iniciativa, la legisladora argument\u00f3: \u201cEsta transferencia es necesaria para regularizar una situaci\u00f3n dado que el inmueble ha sido utilizado como sede del municipio y su formalizaci\u00f3n permitir\u00e1 un mejor desarrollo de las actividades administrativas y servicios a la comunidad\u201d y destac\u00f3 que el proyecto \u201crepresenta un paso significativo hacia la mejora de la infraestructura municipal y una forma efectiva de garantizar que El Pingo contin\u00fae creciendo y brindando servicios esenciales a sus habitantes\u201d.<\/p>\n<p>En la misma l\u00ednea, el senador Cavagna adelant\u00f3 el acompa\u00f1amiento del bloque Juntos por Entre R\u00edos y se\u00f1al\u00f3: \u201cEstamos aportando una cuota de federalismo al interior de la provincia, regularizando nominalmente un terreno que va a quedar en manos de un pueblo, y creo que esto trae un sinf\u00edn de beneficios a la hora de poder tener el t\u00edtulo perfecto para poder encargar cualquier tipo de tem\u00e1tica\u201d, acot\u00f3.<\/p>\n<p>En la jornada de este mi\u00e9rcoles, los senadores tambi\u00e9n aprobaron el proyecto de Declaraci\u00f3n de la senadora Gladys Dom\u00ednguez (Feliciano- M\u00e1s por Entre R\u00edos) por el que se declara de inter\u00e9s legislativo el 202\u00ba Aniversario de la Fundaci\u00f3n de la ciudad de San Jos\u00e9 de Feliciano y la conmemoraci\u00f3n de su santo patrono, que se celebra cada 19 de marzo.<\/p>\n<p>Asimismo, el senador V\u00edctor Sanzberro (Victoria- M\u00e1s por Entre R\u00edos), pidi\u00f3 la palabra para referirse al proyecto de Declaraci\u00f3n de su autor\u00eda en conjunto con la legisladora Silva, por el que expresa su solidaridad con los trabajadores de la empresa Caminos R\u00edo Uruguay S.A, concesionaria de las Rutas Nacionales N\u00b014, N\u00b012 y N\u00b0174, ante la inminente situaci\u00f3n de despido y sin garant\u00eda de justa indemnizaci\u00f3n por la que atraviesan. (Expediente N\u00b0 15.270). Sanzberro expres\u00f3 que esta situaci\u00f3n \u201cgenera angustia, de zozobra e incertidumbre para 500 trabajadores que se encuentran con el vencimiento de este plazo y la inminente situaci\u00f3n de despido sin garant\u00eda de justa indemnizaci\u00f3n porque la concesionaria est\u00e1 atravesando un proceso de concurso y ese concurso se tramita en un juzgado civil radicado en Capital Federal\u201d. Agradeci\u00f3, adem\u00e1s, el acompa\u00f1amiento de sus pares y en especial \u201cla tenacidad de los trabajadores que por todos los conductos est\u00e1n buscando respuesta y que arbitran todos los mecanismos y todos los medios\u201d. Luego, extendi\u00f3 su solidaridad con ellos \u201cporque ni los trabajadores ni los usuarios tienen responsabilidad por los incumplimientos de terceros y el Estado, a trav\u00e9s de Vialidad Nacional, no se puede lavar las manos\u201d.<\/p>\n<p>Por su parte, el senador Gustavo Vergara se refiri\u00f3 al apoyo de su bloque y manifest\u00f3 que \u201cel gobierno provincial est\u00e1 detr\u00e1s de esta situaci\u00f3n\u201d y agreg\u00f3 que \u201cesas rutas no se van a cortar ni se va a suspender el tr\u00e1nsito, porque a\u00fan en el peor caso de que no exista una nueva pr\u00f3rroga de la concesi\u00f3n, tendr\u00e1 que ser Vialidad Nacional que se haga cargo de la administraci\u00f3n de esa ruta y la comunicaci\u00f3n va a estar garantizada y continuada entre la provincia y el resto del pa\u00eds\u201d.<\/p>\n<p>Adem\u00e1s, se dio tratamiento al proyecto de Comunicaci\u00f3n de autor\u00eda del senador Ramiro Favre (Col\u00f3n- Juntos por Entre R\u00edos), en el cual se solicita al Poder Ejecutivo Provincial, a trav\u00e9s del Ministerio de Gobierno y Trabajo, se dirija a la Comisi\u00f3n Administradora del Rio Uruguay (CARU) para que tenga a bien remitir la informaci\u00f3n que la Rep\u00fablica Oriental del Uruguay haya brindado a ese organismo sobre la posible instalaci\u00f3n de plantas industriales de producci\u00f3n de combustibles de hidr\u00f3geno u otro tipo al norte de la ciudad de Paysand\u00fa, frente a la ciudad de Colon, dicha obligaci\u00f3n de informar deriva de lo pactado por los estados partes del Estatuto del Rio Uruguay. (Expediente N\u00ba15.265). La iniciativa pasa a la Comisi\u00f3n de Ambiente y Desarrollo Sustentable.<\/p>\n<p>Al respecto, el legislador fundament\u00f3 la iniciativa e indic\u00f3 que el gobernador Rogelio Frigerio \u201cse puso al frente del reclamo de relocalizaci\u00f3n de esta posible planta a trav\u00e9s de Canciller\u00eda\u201d,<\/p>\n<p>En tanto, el senador por el departamento Nogoy\u00e1 pidi\u00f3 la palabra para adherir a la postura del senador preopinante: \u201cHay un decisorio en el Tribunal de La Haya, donde lo obliga al pa\u00eds hermano, respetando su soberan\u00eda, a informar todas las actividades industriales que se hacen a la vera del r\u00edo Uruguay\u201d.<\/p>\n<p>Luego, se aprobaron cinco proyectos de Declaraci\u00f3n publicados en Asuntos Entrados.<\/p>\n<p>&nbsp;<\/p>\n<p><strong>Comisiones<\/strong><\/p>\n<p>En la sesi\u00f3n tambi\u00e9n se inform\u00f3 sobre la integraci\u00f3n de las Comisiones y sus respectivas autoridades para el presente periodo legislativo, y la conformaci\u00f3n de la Comisi\u00f3n Bicameral Permanente para la Defensa de los Derechos Humanos, suscripto por ambos bloques.<\/p>\n","protected":false},"excerpt":{"rendered":"<p>Entre las comunicaciones oficiales, el gobernador Rogelio Frigerio solicit\u00f3 que se preste Acuerdo Constitucional para el nombramiento de Mart\u00edn Alejandro Rettore Elena como Fiscal Adjunto de la Fiscal\u00eda de Estado de la Provincia. Adem\u00e1s, se trat\u00f3 el proyecto de la senadora Claudia Silva por el que se modifica el Art\u00edculo 295\u00b0del Reglamento General de Polic\u00eda aprobado por Ley N\u00b0 5.654 &nbsp; &nbsp; La C\u00e1mara de Senadores de Entre R\u00edos celebr\u00f3 este mi\u00e9rcoles la Segunda Sesi\u00f3n Ordinaria correspondiente al 146\u00ba Periodo Legislativo. Fue presidida por la vicegobernadora y presidente del cuerpo,&#8230;<\/p>\n","protected":false},"author":3,"featured_media":126204,"comment_status":"closed","ping_status":"closed","sticky":false,"template":"","format":"standard","meta":[],"categories":[15],"tags":[],"_links":{"self":[{"href":"https:\/\/www.actualidadadiario.com\/index.php\/wp-json\/wp\/v2\/posts\/126203"}],"collection":[{"href":"https:\/\/www.actualidadadiario.com\/index.php\/wp-json\/wp\/v2\/posts"}],"about":[{"href":"https:\/\/www.actualidadadiario.com\/index.php\/wp-json\/wp\/v2\/types\/post"}],"author":[{"embeddable":true,"href":"https:\/\/www.actualidadadiario.com\/index.php\/wp-json\/wp\/v2\/users\/3"}],"replies":[{"embeddable":true,"href":"https:\/\/www.actualidadadiario.com\/index.php\/wp-json\/wp\/v2\/comments?post=126203"}],"version-history":[{"count":1,"href":"https:\/\/www.actualidadadiario.com\/index.php\/wp-json\/wp\/v2\/posts\/126203\/revisions"}],"predecessor-version":[{"id":126205,"href":"https:\/\/www.actualidadadiario.com\/index.php\/wp-json\/wp\/v2\/posts\/126203\/revisions\/126205"}],"wp:featuredmedia":[{"embeddable":true,"href":"https:\/\/www.actualidadadiario.com\/index.php\/wp-json\/wp\/v2\/media\/126204"}],"wp:attachment":[{"href":"https:\/\/www.actualidadadiario.com\/index.php\/wp-json\/wp\/v2\/media?parent=126203"}],"wp:term":[{"taxonomy":"category","embeddable":true,"href":"https:\/\/www.actualidadadiario.com\/index.php\/wp-json\/wp\/v2\/categories?post=126203"},{"taxonomy":"post_tag","embeddable":true,"href":"https:\/\/www.actualidadadiario.com\/index.php\/wp-json\/wp\/v2\/tags?post=126203"}],"curies":[{"name":"wp","href":"https:\/\/api.w.org\/{rel}","templated":true}]}}