{"id":126197,"date":"2025-03-20T11:33:39","date_gmt":"2025-03-20T14:33:39","guid":{"rendered":"https:\/\/www.actualidadadiario.com\/?p=126197"},"modified":"2025-03-20T11:33:39","modified_gmt":"2025-03-20T14:33:39","slug":"el-gobierno-provincial-y-los-gremios-estatales-llegaron-a-un-acuerdo-salarial","status":"publish","type":"post","link":"https:\/\/www.actualidadadiario.com\/index.php\/2025\/03\/20\/el-gobierno-provincial-y-los-gremios-estatales-llegaron-a-un-acuerdo-salarial\/","title":{"rendered":"El gobierno provincial y los gremios estatales llegaron a un acuerdo salarial"},"content":{"rendered":"<p style=\"text-align: center;\"><em><strong>El Poder Ejecutivo acord\u00f3 una propuesta salarial con los gremios estatales UPCN y ATE, con el objetivo de fortalecer la estructura salarial y mejorar las condiciones laborales de los trabajadores del sector p\u00fablico<\/strong><\/em><\/p>\n<p>&nbsp;<\/p>\n<p>&nbsp;<\/p>\n<p>La iniciativa busca garantizar una actualizaci\u00f3n acorde a la realidad econ\u00f3mica del pa\u00eds y reconocer el esfuerzo de los trabajadores estatales<\/p>\n<p>El miembro paritario, Abelardo Del Prado detall\u00f3: \u00abNing\u00fan trabajador estatal entrerriano va a perder contra la inflaci\u00f3n, esa es una clave que no es menor que seguimos manteniendo. No es menor, existen muchas paritarias y jurisdicciones que est\u00e1n cerrando por debajo de esto.<\/p>\n<p>Respecto a la revisi\u00f3n del escalaf\u00f3n laboral, el paritario indic\u00f3 que \u00abse prev\u00e9 un reconocimiento a distintos sectores con el objetivo de corregir el achatamiento producido por los incrementos en el piso salarial y garantizar una mejor estructura de remuneraciones. Puntualmente vamos a mejorar el pago por responsabilidad de funci\u00f3n, con una mejora del 10% para los jefes de \u00e1rea y departamento\u00bb.<\/p>\n<p>\u00abCon esta paritaria demostramos el rumbo de nuestro gobierno, aparte de blindar a los trabajadores contra la inflaci\u00f3n, nosotros premiamos el m\u00e9rito. A mayor capacitaci\u00f3n, mayor remuneraci\u00f3n y a mayor responsabilidad, mayor remuneraci\u00f3n\u00bb afirm\u00f3.<\/p>\n<p>Participaron del acuerdo, los secretarios generales de la Uni\u00f3n del Personal Civil de la Naci\u00f3n, Jos\u00e9 Allende y de la Asociaci\u00f3n de Trabajadores del Estado, Oscar Muntes.<\/p>\n<p>&nbsp;<\/p>\n<p><strong>La propuesta<\/strong><\/p>\n<p>Blindar el salario contra la inflaci\u00f3n, cubriendo la variaci\u00f3n del \u00edndice de precios al consumidor como referencia para la actualizaci\u00f3n mensual de los salarios, asegurando que los ingresos de los trabajadores no pierdan poder adquisitivo.<\/p>\n<p>Hacer una revisi\u00f3n del escalaf\u00f3n laboral, previendo un reconocimiento a distintos sectores con el objetivo de corregir el achatamiento producido por los incrementos en el piso salarial y garantizar una mejor estructura de remuneraciones.<\/p>\n<p>Efectuar un reconocimiento al escalaf\u00f3n enfermer\u00eda y agentes sanitarios, valorando su rol fundamental dentro del sistema de salud p\u00fablica.<\/p>\n","protected":false},"excerpt":{"rendered":"<p>El Poder Ejecutivo acord\u00f3 una propuesta salarial con los gremios estatales UPCN y ATE, con el objetivo de fortalecer la estructura salarial y mejorar las condiciones laborales de los trabajadores del sector p\u00fablico &nbsp; &nbsp; La iniciativa busca garantizar una actualizaci\u00f3n acorde a la realidad econ\u00f3mica del pa\u00eds y reconocer el esfuerzo de los trabajadores estatales El miembro paritario, Abelardo Del Prado detall\u00f3: \u00abNing\u00fan trabajador estatal entrerriano va a perder contra la inflaci\u00f3n, esa es una clave que no es menor que seguimos manteniendo. No es menor, existen muchas paritarias&#8230;<\/p>\n","protected":false},"author":3,"featured_media":126198,"comment_status":"closed","ping_status":"closed","sticky":false,"template":"","format":"standard","meta":[],"categories":[15],"tags":[],"_links":{"self":[{"href":"https:\/\/www.actualidadadiario.com\/index.php\/wp-json\/wp\/v2\/posts\/126197"}],"collection":[{"href":"https:\/\/www.actualidadadiario.com\/index.php\/wp-json\/wp\/v2\/posts"}],"about":[{"href":"https:\/\/www.actualidadadiario.com\/index.php\/wp-json\/wp\/v2\/types\/post"}],"author":[{"embeddable":true,"href":"https:\/\/www.actualidadadiario.com\/index.php\/wp-json\/wp\/v2\/users\/3"}],"replies":[{"embeddable":true,"href":"https:\/\/www.actualidadadiario.com\/index.php\/wp-json\/wp\/v2\/comments?post=126197"}],"version-history":[{"count":1,"href":"https:\/\/www.actualidadadiario.com\/index.php\/wp-json\/wp\/v2\/posts\/126197\/revisions"}],"predecessor-version":[{"id":126199,"href":"https:\/\/www.actualidadadiario.com\/index.php\/wp-json\/wp\/v2\/posts\/126197\/revisions\/126199"}],"wp:featuredmedia":[{"embeddable":true,"href":"https:\/\/www.actualidadadiario.com\/index.php\/wp-json\/wp\/v2\/media\/126198"}],"wp:attachment":[{"href":"https:\/\/www.actualidadadiario.com\/index.php\/wp-json\/wp\/v2\/media?parent=126197"}],"wp:term":[{"taxonomy":"category","embeddable":true,"href":"https:\/\/www.actualidadadiario.com\/index.php\/wp-json\/wp\/v2\/categories?post=126197"},{"taxonomy":"post_tag","embeddable":true,"href":"https:\/\/www.actualidadadiario.com\/index.php\/wp-json\/wp\/v2\/tags?post=126197"}],"curies":[{"name":"wp","href":"https:\/\/api.w.org\/{rel}","templated":true}]}}