{"id":126195,"date":"2025-03-20T11:31:49","date_gmt":"2025-03-20T14:31:49","guid":{"rendered":"https:\/\/www.actualidadadiario.com\/?p=126195"},"modified":"2025-03-20T11:31:49","modified_gmt":"2025-03-20T14:31:49","slug":"comenzo-la-campana-de-vacunacion-antigripal-en-entre-rios","status":"publish","type":"post","link":"https:\/\/www.actualidadadiario.com\/index.php\/2025\/03\/20\/comenzo-la-campana-de-vacunacion-antigripal-en-entre-rios\/","title":{"rendered":"Comenz\u00f3 la campa\u00f1a de vacunaci\u00f3n antigripal en Entre R\u00edos"},"content":{"rendered":"<p style=\"text-align: center;\"><em><strong>Esta vacuna \u201cse aplica todos los a\u00f1os porque hay que actualizar a las nuevas variantes. En principio va dirigida a los grupos de riesgo\u201d, explicaron desde Salud. Habr\u00e1 dos etapas y brindaron detalles de los operativos<\/strong><\/em><\/p>\n<p>&nbsp;<\/p>\n<p>&nbsp;<\/p>\n<p>En el centro de Salud Arturo Illia, comenz\u00f3 este jueves la campa\u00f1a provincial de vacunaci\u00f3n antigripal. El secretario de Salud, Daniel Valentinuz, se\u00f1al\u00f3 que se eligi\u00f3 este lugar para lanzar la vacunaci\u00f3n porque \u201cen 2024 fue uno de los centros de salud donde m\u00e1s se vacun\u00f3\u201d.<\/p>\n<p>El funcionario precis\u00f3 que \u201cSe dividir\u00e1 en dos etapas\u201d. La primera, dirigida a personas entre los 6 y 24 meses de edad, personal de salud, embarazadas en cualquier trimestre de gestaci\u00f3n y pu\u00e9rperas hasta 10 d\u00edas posteriores al egreso de la maternidad (si no se vacunaron durante el embarazo), como as\u00ed tambi\u00e9n a los adultos que est\u00e1n en instituciones como geri\u00e1tricos\u201d.<\/p>\n<p>La segunda etapa que iniciar\u00eda dentro de 15 d\u00edas estar\u00e1 dirigida a adultos mayores y a personas de cualquier edad con factores de riesgo.<\/p>\n<p>&nbsp;<\/p>\n<p><strong>Hay que vacunarse todos los a\u00f1os<\/strong><\/p>\n<p>El director de Epidemiolog\u00eda, Diego Garcilazo record\u00f3 que esta vacuna \u201cse aplica todos los a\u00f1os porque hay que actualizar a las nuevas variantes. En principio va dirigida a los grupos de riesgo\u201d.<\/p>\n<p>El profesional acot\u00f3 que \u201cya se distribuyeron las dosis en todos los vacunatorios p\u00fablicos de la provincia. Es gratuita para los grupos de riesgo\u201d.<\/p>\n<p>Adelant\u00f3 que para el grupo mayoritario, que son los mayores de 65 a\u00f1os, la vacunaci\u00f3n empezar\u00e1 \u201cen una o dos semanas. Despu\u00e9s se incorporar\u00e1n las personas entre dos y 64 a\u00f1os que tengan alguna patolog\u00eda\u201d.<\/p>\n<p>&nbsp;<\/p>\n<p><strong>\u00bfSe necesita certificado m\u00e9dico?<\/strong><\/p>\n<p>Garcilazo precis\u00f3 que \u201cpara esta vacuna, si est\u00e1 dentro de los grupos de riesgo no se requiere certificado m\u00e9dico. Solo hay que ir al vacunatorio. Los que est\u00e1n entre dos y 64 a\u00f1os requieren una certificaci\u00f3n de la patolog\u00eda de base\u201d.<\/p>\n<p>En tanto, la directora general del primer nivel de atenci\u00f3n, Gladys Arosio, resalt\u00f3 que \u201ces prioritario que se vacune el personal de Salud, no solamente por ellos, sino tambi\u00e9n por los pacientes que cuidamos, como as\u00ed tambi\u00e9n los adultos mayores\u201d.<\/p>\n<p>Asimismo, consider\u00f3 que \u201ces una oportunidad para controlar los carnet de vacunaci\u00f3n de todos los integrantes del grupo familiar. Necesitamos alcanzar coberturas \u00f3ptimas\u201d de vacunaci\u00f3n contra todas las enfermedades, enfatiz\u00f3.<\/p>\n<p>Finalmente, aclar\u00f3 que \u201ccada uno de los centros de salud tiene una zona asignada. Generalmente la gente los conoce, si les genera duda alguna de las personas que recorren la zona, que se comuniquen con el centro de salud o con el Ministerio de Salud. El personal siempre est\u00e1 identificado de alguna manera\u201d.<\/p>\n","protected":false},"excerpt":{"rendered":"<p>Esta vacuna \u201cse aplica todos los a\u00f1os porque hay que actualizar a las nuevas variantes. En principio va dirigida a los grupos de riesgo\u201d, explicaron desde Salud. Habr\u00e1 dos etapas y brindaron detalles de los operativos &nbsp; &nbsp; En el centro de Salud Arturo Illia, comenz\u00f3 este jueves la campa\u00f1a provincial de vacunaci\u00f3n antigripal. El secretario de Salud, Daniel Valentinuz, se\u00f1al\u00f3 que se eligi\u00f3 este lugar para lanzar la vacunaci\u00f3n porque \u201cen 2024 fue uno de los centros de salud donde m\u00e1s se vacun\u00f3\u201d. El funcionario precis\u00f3 que \u201cSe dividir\u00e1&#8230;<\/p>\n","protected":false},"author":3,"featured_media":125912,"comment_status":"closed","ping_status":"closed","sticky":false,"template":"","format":"standard","meta":[],"categories":[9],"tags":[],"_links":{"self":[{"href":"https:\/\/www.actualidadadiario.com\/index.php\/wp-json\/wp\/v2\/posts\/126195"}],"collection":[{"href":"https:\/\/www.actualidadadiario.com\/index.php\/wp-json\/wp\/v2\/posts"}],"about":[{"href":"https:\/\/www.actualidadadiario.com\/index.php\/wp-json\/wp\/v2\/types\/post"}],"author":[{"embeddable":true,"href":"https:\/\/www.actualidadadiario.com\/index.php\/wp-json\/wp\/v2\/users\/3"}],"replies":[{"embeddable":true,"href":"https:\/\/www.actualidadadiario.com\/index.php\/wp-json\/wp\/v2\/comments?post=126195"}],"version-history":[{"count":1,"href":"https:\/\/www.actualidadadiario.com\/index.php\/wp-json\/wp\/v2\/posts\/126195\/revisions"}],"predecessor-version":[{"id":126196,"href":"https:\/\/www.actualidadadiario.com\/index.php\/wp-json\/wp\/v2\/posts\/126195\/revisions\/126196"}],"wp:featuredmedia":[{"embeddable":true,"href":"https:\/\/www.actualidadadiario.com\/index.php\/wp-json\/wp\/v2\/media\/125912"}],"wp:attachment":[{"href":"https:\/\/www.actualidadadiario.com\/index.php\/wp-json\/wp\/v2\/media?parent=126195"}],"wp:term":[{"taxonomy":"category","embeddable":true,"href":"https:\/\/www.actualidadadiario.com\/index.php\/wp-json\/wp\/v2\/categories?post=126195"},{"taxonomy":"post_tag","embeddable":true,"href":"https:\/\/www.actualidadadiario.com\/index.php\/wp-json\/wp\/v2\/tags?post=126195"}],"curies":[{"name":"wp","href":"https:\/\/api.w.org\/{rel}","templated":true}]}}