{"id":126188,"date":"2025-03-19T13:53:43","date_gmt":"2025-03-19T16:53:43","guid":{"rendered":"https:\/\/www.actualidadadiario.com\/?p=126188"},"modified":"2025-03-19T13:53:43","modified_gmt":"2025-03-19T16:53:43","slug":"la-inflacion-mayorista-subio-16-en-febrero-y-se-acelero-por-segundo-mes-consecutivo","status":"publish","type":"post","link":"https:\/\/www.actualidadadiario.com\/index.php\/2025\/03\/19\/la-inflacion-mayorista-subio-16-en-febrero-y-se-acelero-por-segundo-mes-consecutivo\/","title":{"rendered":"La inflaci\u00f3n mayorista subi\u00f3 1,6% en febrero y se aceler\u00f3 por segundo mes consecutivo"},"content":{"rendered":"<p style=\"text-align: center;\"><em><strong>La inflaci\u00f3n minorista tambi\u00e9n se aceler\u00f3 en febrero, desde un 2,2% a un 2,4%, de acuerdo con los datos oficiales del propio INDEC<\/strong><\/em><\/p>\n<p>&nbsp;<\/p>\n<p>&nbsp;<\/p>\n<p>La inflaci\u00f3n mayorista fue del 1,6% en febrero y se aceler\u00f3 por segundo mes consecutivo, en esta ocasi\u00f3n impulsado fundamentalmente por las subas en productos agropecuarios generados en el pa\u00eds.<\/p>\n<p>Asimismo, el \u00cdndice de Precios Internos al por Mayor (IPIM) del INDEC registr\u00f3 su mayor variaci\u00f3n mensual desde octubre de 2024. En el segundo mes del a\u00f1o, los precios de los productos de origen nacional aumentaron 1,7%, mientras que los importados apenas avanzaron 0,5%, en el marco de la pol\u00edtica del Banco Central (BCRA) de convalidar un ajuste mensual de apenas 1% en el d\u00f3lar oficial.<\/p>\n<p>Dentro de los productos nacionales, fueron los productos primarios los que mayor incremento tuvieron, con un alza promedio del 2,3%. Al interior de este grupo se destac\u00f3 un crecimiento del 3,9% en productos agropecuarios.<\/p>\n<p>Mientras tanto, los productos manufacturados treparon 1,6%. Las subas que m\u00e1s incidieron en esta divisi\u00f3n fueron las de alimentos y bebidas, y productos refinados del petr\u00f3leo, ambas del 2,4%.<\/p>\n<p>En enero, el IPIM hab\u00eda aumentado 1,5%. Pese a la aceleraci\u00f3n mensual, en los \u00faltimos cinco meses el indicador se ubic\u00f3 por debajo del 2%. En t\u00e9rminos interanuales, el incremento fue del 32,7%.<\/p>\n<p>La inflaci\u00f3n minorista tambi\u00e9n se aceler\u00f3 en febrero, desde un 2,2% a un 2,4%, de acuerdo con los datos oficiales del propio INDEC. En este caso la mayor suba fue traccionada por las variaciones en alimentos, particularmente en carnes, y en educaci\u00f3n, en el marco del inicio de clases.<\/p>\n","protected":false},"excerpt":{"rendered":"<p>La inflaci\u00f3n minorista tambi\u00e9n se aceler\u00f3 en febrero, desde un 2,2% a un 2,4%, de acuerdo con los datos oficiales del propio INDEC &nbsp; &nbsp; La inflaci\u00f3n mayorista fue del 1,6% en febrero y se aceler\u00f3 por segundo mes consecutivo, en esta ocasi\u00f3n impulsado fundamentalmente por las subas en productos agropecuarios generados en el pa\u00eds. Asimismo, el \u00cdndice de Precios Internos al por Mayor (IPIM) del INDEC registr\u00f3 su mayor variaci\u00f3n mensual desde octubre de 2024. En el segundo mes del a\u00f1o, los precios de los productos de origen nacional&#8230;<\/p>\n","protected":false},"author":3,"featured_media":79075,"comment_status":"closed","ping_status":"closed","sticky":false,"template":"","format":"standard","meta":[],"categories":[2],"tags":[],"_links":{"self":[{"href":"https:\/\/www.actualidadadiario.com\/index.php\/wp-json\/wp\/v2\/posts\/126188"}],"collection":[{"href":"https:\/\/www.actualidadadiario.com\/index.php\/wp-json\/wp\/v2\/posts"}],"about":[{"href":"https:\/\/www.actualidadadiario.com\/index.php\/wp-json\/wp\/v2\/types\/post"}],"author":[{"embeddable":true,"href":"https:\/\/www.actualidadadiario.com\/index.php\/wp-json\/wp\/v2\/users\/3"}],"replies":[{"embeddable":true,"href":"https:\/\/www.actualidadadiario.com\/index.php\/wp-json\/wp\/v2\/comments?post=126188"}],"version-history":[{"count":1,"href":"https:\/\/www.actualidadadiario.com\/index.php\/wp-json\/wp\/v2\/posts\/126188\/revisions"}],"predecessor-version":[{"id":126189,"href":"https:\/\/www.actualidadadiario.com\/index.php\/wp-json\/wp\/v2\/posts\/126188\/revisions\/126189"}],"wp:featuredmedia":[{"embeddable":true,"href":"https:\/\/www.actualidadadiario.com\/index.php\/wp-json\/wp\/v2\/media\/79075"}],"wp:attachment":[{"href":"https:\/\/www.actualidadadiario.com\/index.php\/wp-json\/wp\/v2\/media?parent=126188"}],"wp:term":[{"taxonomy":"category","embeddable":true,"href":"https:\/\/www.actualidadadiario.com\/index.php\/wp-json\/wp\/v2\/categories?post=126188"},{"taxonomy":"post_tag","embeddable":true,"href":"https:\/\/www.actualidadadiario.com\/index.php\/wp-json\/wp\/v2\/tags?post=126188"}],"curies":[{"name":"wp","href":"https:\/\/api.w.org\/{rel}","templated":true}]}}