{"id":126174,"date":"2025-03-19T13:06:43","date_gmt":"2025-03-19T16:06:43","guid":{"rendered":"https:\/\/www.actualidadadiario.com\/?p=126174"},"modified":"2025-03-19T13:06:43","modified_gmt":"2025-03-19T16:06:43","slug":"upcn-presento-a-frigerio-su-proyecto-de-convenio-colectivo-de-trabajo-del-sector-publico-entrerriano","status":"publish","type":"post","link":"https:\/\/www.actualidadadiario.com\/index.php\/2025\/03\/19\/upcn-presento-a-frigerio-su-proyecto-de-convenio-colectivo-de-trabajo-del-sector-publico-entrerriano\/","title":{"rendered":"UPCN present\u00f3 a Frigerio su proyecto de Convenio Colectivo de Trabajo del sector p\u00fablico entrerriano"},"content":{"rendered":"<p style=\"text-align: center;\"><em><strong>En lo que representa un hito para Entre R\u00edos, UPCN present\u00f3 formalmente al gobernador su proyecto de Convenio Colectivo de Trabajo para la administraci\u00f3n p\u00fablica provincial. Las premisas de la propuesta son la optimizaci\u00f3n de las prestaciones del Estado y la protecci\u00f3n y fomento de los derechos de los trabajadores, impulsando su profesionalizaci\u00f3n y desarrollo integral<\/strong><\/em><\/p>\n<p>&nbsp;<\/p>\n<p>&nbsp;<\/p>\n<p>La entrega se efectu\u00f3 durante un acto realizado este mi\u00e9rcoles en Casa de Gobierno, con la presencia del gobernador Rogelio Frigerio, el Ministro de Gobierno y Justicia Manuel Troncoso, y Allende junta a integrantes de la comisi\u00f3n directiva de UPCN.<\/p>\n<p>&#8220;Es un texto de lujo, elaborado con esfuerzo y dedicaci\u00f3n por profesionales de primer nivel&#8221;, destac\u00f3 el Secretario General y apunt\u00f3 que la propuesta se puso &#8220;a consideraci\u00f3n del Gobierno, con el objetivo de trabajarla durante el a\u00f1o y que el 2025 finalice con esta herramienta pulida y ya lista para ser aplicada&#8221;.<\/p>\n<p>El proyecto de CCT tiene como objetivo fundamental &#8220;optimizar, jerarquizar y hacer m\u00e1s eficiente las prestaciones a cargo del Estado&#8221; desde dos premisas: que los trabajadores est\u00e9n alineados con la vocaci\u00f3n de servicio que implica sus tareas en la administraci\u00f3n p\u00fablica, y que el Estado como empleador reconozca los derechos y potestades de los trabajadores y tienda siempre a promover su desarrollo integral.<\/p>\n<p>Es por esto que dedica un cap\u00edtulo, el VII, a la Carrera Administrativa, haciendo hincapi\u00e9 en la igualdad de oportunidades y en la mejora continua de los trabajadores a trav\u00e9s de la capacitaci\u00f3n, bajo los principios constitucionales de igualdad y m\u00e9rito. Otro cap\u00edtulo, el VIII, est\u00e1 abocado al R\u00e9gimen de Concursos, Recategorizaciones, Promociones y Jefaturas.<\/p>\n<p>&#8220;Es un texto elaborado con dedicaci\u00f3n y esfuerzo por profesionales de primer nivel, que estudiaron y compararon convenios de distintas provincias del pa\u00eds, adapt\u00e1ndolo a la realidad entrerriana, que prioriza la capacitaci\u00f3n, la estabilidad y el respeto por los derechos laborales&#8221;, subray\u00f3 Allende.<\/p>\n<p>&nbsp;<\/p>\n<p><strong>Detalles<\/strong><\/p>\n<p>El proyecto de UPCN es el primero de su clase en la provincia, por eso configura un hecho hist\u00f3rico para Entre R\u00edos.<\/p>\n<p>Parte de la premisa de un Estado como actor central en la construcci\u00f3n de una sociedad m\u00e1s justa, equitativa y solidaria. A la vez, reafirma el compromiso de la permanente capacitaci\u00f3n y del sector p\u00fablico, fundamentales para lograr una administraci\u00f3n eficiente y orientada al servicio de la ciudadan\u00eda.<\/p>\n<p>Fue formulado conforme a las Leyes 9755 y su modificatoria 9811, pero cuenta tambi\u00e9n con innovaciones importantes.<\/p>\n<p>En relaci\u00f3n a los concursos para el ingreso y promoci\u00f3n de los trabajadores estatales, comparte principios con el Estado y refuerza su accionar en cuanto a su realizaci\u00f3n.<\/p>\n<p>Asimismo, fomenta la capacitaci\u00f3n en todas sus formas para optimizar la labor del empleado, reconociendo a la misma como un derecho y una obligaci\u00f3n de los trabajadores, a la vez que garantiza la igualdad de trato y de oportunidades; la prevenci\u00f3n y eliminaci\u00f3n de la violencia laboral; la protecci\u00f3n de la salud mental promoviendo un ambiente laboral seguro e inclusivo; y garantiza el derecho a la desconexi\u00f3n del agente fuera de su horario laboral.<\/p>\n<p>La iniciativa tambi\u00e9n apunta a asegurar el derecho a la sindicalizaci\u00f3n de los trabajadores y proteger la libertad sindical en todas sus formas, a trav\u00e9s del establecimiento de normas claras y precisas.<\/p>\n<p>Del mismo modo, garantiza la participaci\u00f3n de los sindicatos en las paritarias, con acceso pleno, oportuno y completo a la informaci\u00f3n necesaria para el ejercicio de representaci\u00f3n, defensa y la toma de decisiones.<\/p>\n","protected":false},"excerpt":{"rendered":"<p>En lo que representa un hito para Entre R\u00edos, UPCN present\u00f3 formalmente al gobernador su proyecto de Convenio Colectivo de Trabajo para la administraci\u00f3n p\u00fablica provincial. Las premisas de la propuesta son la optimizaci\u00f3n de las prestaciones del Estado y la protecci\u00f3n y fomento de los derechos de los trabajadores, impulsando su profesionalizaci\u00f3n y desarrollo integral &nbsp; &nbsp; La entrega se efectu\u00f3 durante un acto realizado este mi\u00e9rcoles en Casa de Gobierno, con la presencia del gobernador Rogelio Frigerio, el Ministro de Gobierno y Justicia Manuel Troncoso, y Allende junta&#8230;<\/p>\n","protected":false},"author":3,"featured_media":126175,"comment_status":"closed","ping_status":"closed","sticky":false,"template":"","format":"standard","meta":[],"categories":[15],"tags":[],"_links":{"self":[{"href":"https:\/\/www.actualidadadiario.com\/index.php\/wp-json\/wp\/v2\/posts\/126174"}],"collection":[{"href":"https:\/\/www.actualidadadiario.com\/index.php\/wp-json\/wp\/v2\/posts"}],"about":[{"href":"https:\/\/www.actualidadadiario.com\/index.php\/wp-json\/wp\/v2\/types\/post"}],"author":[{"embeddable":true,"href":"https:\/\/www.actualidadadiario.com\/index.php\/wp-json\/wp\/v2\/users\/3"}],"replies":[{"embeddable":true,"href":"https:\/\/www.actualidadadiario.com\/index.php\/wp-json\/wp\/v2\/comments?post=126174"}],"version-history":[{"count":1,"href":"https:\/\/www.actualidadadiario.com\/index.php\/wp-json\/wp\/v2\/posts\/126174\/revisions"}],"predecessor-version":[{"id":126176,"href":"https:\/\/www.actualidadadiario.com\/index.php\/wp-json\/wp\/v2\/posts\/126174\/revisions\/126176"}],"wp:featuredmedia":[{"embeddable":true,"href":"https:\/\/www.actualidadadiario.com\/index.php\/wp-json\/wp\/v2\/media\/126175"}],"wp:attachment":[{"href":"https:\/\/www.actualidadadiario.com\/index.php\/wp-json\/wp\/v2\/media?parent=126174"}],"wp:term":[{"taxonomy":"category","embeddable":true,"href":"https:\/\/www.actualidadadiario.com\/index.php\/wp-json\/wp\/v2\/categories?post=126174"},{"taxonomy":"post_tag","embeddable":true,"href":"https:\/\/www.actualidadadiario.com\/index.php\/wp-json\/wp\/v2\/tags?post=126174"}],"curies":[{"name":"wp","href":"https:\/\/api.w.org\/{rel}","templated":true}]}}