{"id":126172,"date":"2025-03-19T13:05:31","date_gmt":"2025-03-19T16:05:31","guid":{"rendered":"https:\/\/www.actualidadadiario.com\/?p=126172"},"modified":"2025-03-19T13:05:31","modified_gmt":"2025-03-19T16:05:31","slug":"pronostican-un-frente-frio-con-la-llegada-del-otono","status":"publish","type":"post","link":"https:\/\/www.actualidadadiario.com\/index.php\/2025\/03\/19\/pronostican-un-frente-frio-con-la-llegada-del-otono\/","title":{"rendered":"Pronostican un frente fr\u00edo con la llegada del oto\u00f1o"},"content":{"rendered":"<p style=\"text-align: center;\"><em><strong>El calor tiene los d\u00edas contador en Entre R\u00edos. Se prev\u00e9 que el fin de semana comience a llegar un frente fr\u00edo con inestabilidades<\/strong><\/em><\/p>\n<p>&nbsp;<\/p>\n<p>&nbsp;<\/p>\n<p>El Servicio Meteorol\u00f3gico Nacional \u2013SMN\u2013 anuncia la llegada de un frente fr\u00edo con posibles inestabilidades a partir del domingo 23 de marzo. Las lluvias traer\u00e1n un cambio de temperaturas, casi en coincidencia con la llegada del oto\u00f1o.<\/p>\n<p>Los \u00faltimos d\u00edas de calor del verano se hacen sentir, con m\u00e1ximas de hasta 30, 31 y 32 grados que continuar\u00e1n hasta el s\u00e1bado en la provincia. Desde el domingo aumentar\u00e1 la nubosidad y prev\u00e9n posibles lluvias que se extender\u00e1n los d\u00edas siguientes.<\/p>\n<p>Las inestabilidades no se descartan para el inicio de la semana que viene, con probables chaparrones y lluvias aisladas para el lunes, martes y mi\u00e9rcoles. Esto ocasionar\u00e1 un descenso progresivo de las temperaturas, m\u00e1s acordes al oto\u00f1o.<\/p>\n<p>&nbsp;<\/p>\n<p><strong>En qu\u00e9 zonas anuncian lluvias en Entre R\u00edos<\/strong><\/p>\n<p>En Paran\u00e1, La Paz, Diamante, Nogoy\u00e1 y Villaguay pronostican las primeras tormentas aisladas para el domingo de tarde noche y la madrugada del lunes. Luego podr\u00edan continuar las inestabilidades martes y mi\u00e9rcoles.<\/p>\n<p>En Concordia, Federal, Feliciano, Federaci\u00f3n y San Salvador anuncian aumento de la nubosidad el domingo y escasa probabilidad de lluvias. Para la semana pr\u00f3xima todav\u00eda no se confirman con precisi\u00f3n si habr\u00e1 precipitaciones.<\/p>\n<p>En Gualeguaych\u00fa, Uruguay, Tala, Col\u00f3n e Islas del Ibicuy pronostican lluvias aisladas durante la jornada del domingo. El lunes de madrugada y ma\u00f1ana podr\u00eda haber chaparrones. El martes y mi\u00e9rcoles seguir\u00eda inestable.<\/p>\n<p>En Victoria y Gualeguay tambi\u00e9n anuncian posibles lluvias aisladas para el domingo, tanto de ma\u00f1ana como de tarde noche. Continuar\u00eda las primeras horas del lunes con eventuales chaparrones, al igual que el martes, sobre todo de ma\u00f1ana.<\/p>\n","protected":false},"excerpt":{"rendered":"<p>El calor tiene los d\u00edas contador en Entre R\u00edos. Se prev\u00e9 que el fin de semana comience a llegar un frente fr\u00edo con inestabilidades &nbsp; &nbsp; El Servicio Meteorol\u00f3gico Nacional \u2013SMN\u2013 anuncia la llegada de un frente fr\u00edo con posibles inestabilidades a partir del domingo 23 de marzo. Las lluvias traer\u00e1n un cambio de temperaturas, casi en coincidencia con la llegada del oto\u00f1o. Los \u00faltimos d\u00edas de calor del verano se hacen sentir, con m\u00e1ximas de hasta 30, 31 y 32 grados que continuar\u00e1n hasta el s\u00e1bado en la provincia&#8230;.<\/p>\n","protected":false},"author":3,"featured_media":73693,"comment_status":"closed","ping_status":"closed","sticky":false,"template":"","format":"standard","meta":[],"categories":[15],"tags":[],"_links":{"self":[{"href":"https:\/\/www.actualidadadiario.com\/index.php\/wp-json\/wp\/v2\/posts\/126172"}],"collection":[{"href":"https:\/\/www.actualidadadiario.com\/index.php\/wp-json\/wp\/v2\/posts"}],"about":[{"href":"https:\/\/www.actualidadadiario.com\/index.php\/wp-json\/wp\/v2\/types\/post"}],"author":[{"embeddable":true,"href":"https:\/\/www.actualidadadiario.com\/index.php\/wp-json\/wp\/v2\/users\/3"}],"replies":[{"embeddable":true,"href":"https:\/\/www.actualidadadiario.com\/index.php\/wp-json\/wp\/v2\/comments?post=126172"}],"version-history":[{"count":1,"href":"https:\/\/www.actualidadadiario.com\/index.php\/wp-json\/wp\/v2\/posts\/126172\/revisions"}],"predecessor-version":[{"id":126173,"href":"https:\/\/www.actualidadadiario.com\/index.php\/wp-json\/wp\/v2\/posts\/126172\/revisions\/126173"}],"wp:featuredmedia":[{"embeddable":true,"href":"https:\/\/www.actualidadadiario.com\/index.php\/wp-json\/wp\/v2\/media\/73693"}],"wp:attachment":[{"href":"https:\/\/www.actualidadadiario.com\/index.php\/wp-json\/wp\/v2\/media?parent=126172"}],"wp:term":[{"taxonomy":"category","embeddable":true,"href":"https:\/\/www.actualidadadiario.com\/index.php\/wp-json\/wp\/v2\/categories?post=126172"},{"taxonomy":"post_tag","embeddable":true,"href":"https:\/\/www.actualidadadiario.com\/index.php\/wp-json\/wp\/v2\/tags?post=126172"}],"curies":[{"name":"wp","href":"https:\/\/api.w.org\/{rel}","templated":true}]}}