{"id":126163,"date":"2025-03-19T11:54:12","date_gmt":"2025-03-19T14:54:12","guid":{"rendered":"https:\/\/www.actualidadadiario.com\/?p=126163"},"modified":"2025-03-19T11:54:12","modified_gmt":"2025-03-19T14:54:12","slug":"el-presidente-del-iapv-afirmo-que-evaluan-cambios-pero-garantizo-que-no-se-afectara-el-personal","status":"publish","type":"post","link":"https:\/\/www.actualidadadiario.com\/index.php\/2025\/03\/19\/el-presidente-del-iapv-afirmo-que-evaluan-cambios-pero-garantizo-que-no-se-afectara-el-personal\/","title":{"rendered":"El Presidente del IAPV afirm\u00f3 que eval\u00faan cambios, pero garantiz\u00f3 que no se afectar\u00e1 el personal"},"content":{"rendered":"<p style=\"text-align: center;\"><em><strong>UPCN, en representaci\u00f3n de los trabajadores del Instituto Aut\u00e1rquico de Planeamiento y Vivienda (IAPV), se reuni\u00f3 con autoridades del organismo luego de expresar su preocupaci\u00f3n ante la contrataci\u00f3n de una consultora externa para realizar una &#8220;transformaci\u00f3n&#8221;. La reuni\u00f3n se dio entre la Secretaria Adjunta, la Secretaria Gremial del sindicato, delegados del Instituto, el presidente del IAPV, Manuel Sch\u00f6nhals y el Vocal Luis Uriona<\/strong><\/em><\/p>\n<p>&nbsp;<\/p>\n<p>&nbsp;<\/p>\n<p>Desde el sindicato solicitaron explicaciones sobre el alcance del proceso, especialmente en lo referido a los puestos laborales y el salario, que son los temas que m\u00e1s preocupan a los trabajadores, b\u00e1sicamente por la desinformaci\u00f3n y considerando que hay temor por la pol\u00edtica llevada a cabo por el gobierno nacional.<\/p>\n<p>Tambi\u00e9n se expres\u00f3 que la intervenci\u00f3n de consultoras privadas genera dudas. Seg\u00fan se nos inform\u00f3, este proyecto es pago por el CFI y por lo tanto no le cuesta plata al Estado provincial.<\/p>\n<p>Ante el planteo, desde el directorio se afirm\u00f3 que no habr\u00e1 una reducci\u00f3n de planta ni de salarios, y adem\u00e1s se indic\u00f3 que hay voluntad de que el proceso se d\u00e9 con una amplia participaci\u00f3n.<\/p>\n<p>De hecho, el 26 de marzo habr\u00e1 una\u00a0 reuni\u00f3n en la que se presentar\u00e1 el proyecto y pidieron que especialmente UPCN asista.<\/p>\n<p>&#8220;Ninguna transformaci\u00f3n de los procesos, funciones o revalorizaci\u00f3n de las capacidades va a surgir sin los trabajadores que constituyen el IAPV&#8221;, manifest\u00f3 Maricel Molina, Delegada de UPCN en el organismo.<\/p>\n<p>Por otro lado, tambi\u00e9n se consult\u00f3 sobre los proyectos de modificaci\u00f3n de la ley de creaci\u00f3n del instituto. En ese sentido las autoridades plantearon que al inicio de la gesti\u00f3n hubo un boceto de reforma, pero todav\u00eda est\u00e1 en estudio, y dijeron que la ley es muy buena pero hay que actualizar algunos t\u00e9rminos.<\/p>\n","protected":false},"excerpt":{"rendered":"<p>UPCN, en representaci\u00f3n de los trabajadores del Instituto Aut\u00e1rquico de Planeamiento y Vivienda (IAPV), se reuni\u00f3 con autoridades del organismo luego de expresar su preocupaci\u00f3n ante la contrataci\u00f3n de una consultora externa para realizar una &#8220;transformaci\u00f3n&#8221;. La reuni\u00f3n se dio entre la Secretaria Adjunta, la Secretaria Gremial del sindicato, delegados del Instituto, el presidente del IAPV, Manuel Sch\u00f6nhals y el Vocal Luis Uriona &nbsp; &nbsp; Desde el sindicato solicitaron explicaciones sobre el alcance del proceso, especialmente en lo referido a los puestos laborales y el salario, que son los temas&#8230;<\/p>\n","protected":false},"author":3,"featured_media":126164,"comment_status":"closed","ping_status":"closed","sticky":false,"template":"","format":"standard","meta":[],"categories":[15],"tags":[],"_links":{"self":[{"href":"https:\/\/www.actualidadadiario.com\/index.php\/wp-json\/wp\/v2\/posts\/126163"}],"collection":[{"href":"https:\/\/www.actualidadadiario.com\/index.php\/wp-json\/wp\/v2\/posts"}],"about":[{"href":"https:\/\/www.actualidadadiario.com\/index.php\/wp-json\/wp\/v2\/types\/post"}],"author":[{"embeddable":true,"href":"https:\/\/www.actualidadadiario.com\/index.php\/wp-json\/wp\/v2\/users\/3"}],"replies":[{"embeddable":true,"href":"https:\/\/www.actualidadadiario.com\/index.php\/wp-json\/wp\/v2\/comments?post=126163"}],"version-history":[{"count":1,"href":"https:\/\/www.actualidadadiario.com\/index.php\/wp-json\/wp\/v2\/posts\/126163\/revisions"}],"predecessor-version":[{"id":126165,"href":"https:\/\/www.actualidadadiario.com\/index.php\/wp-json\/wp\/v2\/posts\/126163\/revisions\/126165"}],"wp:featuredmedia":[{"embeddable":true,"href":"https:\/\/www.actualidadadiario.com\/index.php\/wp-json\/wp\/v2\/media\/126164"}],"wp:attachment":[{"href":"https:\/\/www.actualidadadiario.com\/index.php\/wp-json\/wp\/v2\/media?parent=126163"}],"wp:term":[{"taxonomy":"category","embeddable":true,"href":"https:\/\/www.actualidadadiario.com\/index.php\/wp-json\/wp\/v2\/categories?post=126163"},{"taxonomy":"post_tag","embeddable":true,"href":"https:\/\/www.actualidadadiario.com\/index.php\/wp-json\/wp\/v2\/tags?post=126163"}],"curies":[{"name":"wp","href":"https:\/\/api.w.org\/{rel}","templated":true}]}}