{"id":126144,"date":"2025-03-18T15:34:28","date_gmt":"2025-03-18T18:34:28","guid":{"rendered":"https:\/\/www.actualidadadiario.com\/?p=126144"},"modified":"2025-03-18T15:34:28","modified_gmt":"2025-03-18T18:34:28","slug":"el-papa-pide-desarmar-la-tierra-en-carta-desde-el-hospital","status":"publish","type":"post","link":"https:\/\/www.actualidadadiario.com\/index.php\/2025\/03\/18\/el-papa-pide-desarmar-la-tierra-en-carta-desde-el-hospital\/","title":{"rendered":"El Papa pide &#8220;desarmar la Tierra&#8221; en carta desde el hospital"},"content":{"rendered":"<p style=\"text-align: center;\"><em><strong>El papa Francisco pidi\u00f3 el fin de los conflictos armados en el mundo, en una carta enviada al diario italiano &#8216;Corriere della Sera&#8217;, desde el hospital, donde se encuentra ingresado desde el 14 de febrero<\/strong><\/em><\/p>\n<p>&nbsp;<\/p>\n<p>&nbsp;<\/p>\n<p>El papa Francisco pide &#8220;desarmar las palabras, desarmar las mentes y desarmar la Tierra&#8221;, en una carta escrita en la habitaci\u00f3n en que se encuentra hospitalizado en Roma desde hace m\u00e1s de cuatro semanas por una neumon\u00eda.<\/p>\n<p>En la misiva, publicada este martes 18 de marzo de 2025 en el peri\u00f3dico italiano Corriere della Sera, Francisco afirma que &#8220;en este momento de enfermedad en el que, como he tenido ocasi\u00f3n de decir, la guerra parece a\u00fan m\u00e1s absurda&#8221;.<\/p>\n<p>&nbsp;<\/p>\n<p><strong>Llama a informadores a &#8220;sentir toda la importancia de las palabras&#8221;<\/strong><\/p>\n<p>&#8220;La fragilidad humana, de hecho, tiene el poder de hacernos m\u00e1s l\u00facidos respecto a lo que dura y a lo que pasa, a lo que nos hace vivir y a lo que mata. Quiz\u00e1s por eso tendemos tan a menudo a negar l\u00edmites y a evitar a las personas fr\u00e1giles y heridas: ellas tienen el poder de cuestionar la direcci\u00f3n que hemos elegido, como individuos y como comunidades&#8221;, escribe el papa.<\/p>\n<p>Y pide a todos aquellos que dedican &#8220;su trabajo e inteligencia a informar, a trav\u00e9s de las herramientas de comunicaci\u00f3n que hoy unen nuestro mundo en tiempo real: a sentir toda la importancia de las palabras&#8221;.<\/p>\n<p>&#8220;Nunca son s\u00f3lo palabras: son hechos que construyen entornos humanos. Pueden conectar o dividir, servir a la verdad o hacer uso de ella. Hay que desarmar las palabras, desarmar las mentes y desarmar la Tierra. Hay una gran necesidad de reflexi\u00f3n, de calma, de sentido de complejidad&#8221;, a\u00f1ade Francisco.<\/p>\n<p>&nbsp;<\/p>\n<p><strong>Pide &#8220;nueva vida y credibilidad&#8221; para la diplomacia<\/strong><\/p>\n<p>Lamenta que &#8220;mientras la guerra s\u00f3lo devasta las comunidades y el medio ambiente, sin ofrecer soluciones a los conflictos, la diplomacia y las organizaciones internacionales necesitan nueva vida y credibilidad&#8221;.<\/p>\n<p>Y asegura que &#8220;las religiones, adem\u00e1s, pueden aprovechar la espiritualidad de los pueblos para reavivar el deseo de fraternidad y de justicia, la esperanza de paz&#8221; y que &#8220;todo esto requiere compromiso, trabajo, silencio, palabras&#8221;.<\/p>\n<p>A pesar de su hospitalizaci\u00f3n desde hace 33 d\u00edas, el papa contin\u00faa trabajando y mostrando se\u00f1ales de atenci\u00f3n a lo que ocurre en el mundo como en esta carta. En el hospital, Francisco ha trabajado cuando ha podido, mientras alternaba el descanso con la oraci\u00f3n.<\/p>\n<p>&nbsp;<\/p>\n<p><strong>Lenta y gradual mejor\u00eda <\/strong><\/p>\n<p>Seg\u00fan las \u00faltimas informaciones, los m\u00e9dicos han constatado &#8220;leves mejor\u00edas&#8221; con la fisioterapia respiratoria y motora y su situaci\u00f3n sigue siendo &#8220;estable&#8221;. Despu\u00e9s de una larga fase cr\u00edtica y m\u00faltiples crisis respiratorias, el estado de salud de Francisco mejor\u00f3 y se mantiene estable, aunque permanecer\u00e1 hospitalizado por un tiempo que el Vaticano no precis\u00f3.<\/p>\n<p>No obstante, se sigue especulando con la posibilidad de que abandone el cargo debido a su fragilidad, siguiendo los pasos de su predecesor, Benedicto XVI. El Secretario de Estado, Pietro Parolin, n\u00famero dos del Vaticano, afirm\u00f3 el lunes por la noche que en ning\u00fan momento plante\u00f3 la cuesti\u00f3n de una posible renuncia del papa a su cargo cuando lo visit\u00f3 en el hospital:\u00a0 &#8220;No, no, no, en absoluto&#8221;, respondi\u00f3 rotundamente Paoin a esta pregunta.<\/p>\n<p>La Santa Sede public\u00f3 en la tarde del domingola primera foto del pont\u00edfice argentino en el hospital, mientras concelebraba una misa en la capilla del apartamento privado de los papas en la d\u00e9cima planta del hospital Gemelli. Francisco, de 88 a\u00f1os, est\u00e1 ingresado desde el 14 de febrero en la cl\u00ednica Gemelli a causa de una neumon\u00eda bilateral y, aunque ha pasado por cuatro crisis dif\u00edciles, en las \u00faltimas semanas ha experimentado una lenta y gradual mejor\u00eda, saliendo del &#8220;peligro inminente&#8221;.<\/p>\n","protected":false},"excerpt":{"rendered":"<p>El papa Francisco pidi\u00f3 el fin de los conflictos armados en el mundo, en una carta enviada al diario italiano &#8216;Corriere della Sera&#8217;, desde el hospital, donde se encuentra ingresado desde el 14 de febrero &nbsp; &nbsp; El papa Francisco pide &#8220;desarmar las palabras, desarmar las mentes y desarmar la Tierra&#8221;, en una carta escrita en la habitaci\u00f3n en que se encuentra hospitalizado en Roma desde hace m\u00e1s de cuatro semanas por una neumon\u00eda. En la misiva, publicada este martes 18 de marzo de 2025 en el peri\u00f3dico italiano Corriere&#8230;<\/p>\n","protected":false},"author":3,"featured_media":126145,"comment_status":"closed","ping_status":"closed","sticky":false,"template":"","format":"standard","meta":[],"categories":[4],"tags":[],"_links":{"self":[{"href":"https:\/\/www.actualidadadiario.com\/index.php\/wp-json\/wp\/v2\/posts\/126144"}],"collection":[{"href":"https:\/\/www.actualidadadiario.com\/index.php\/wp-json\/wp\/v2\/posts"}],"about":[{"href":"https:\/\/www.actualidadadiario.com\/index.php\/wp-json\/wp\/v2\/types\/post"}],"author":[{"embeddable":true,"href":"https:\/\/www.actualidadadiario.com\/index.php\/wp-json\/wp\/v2\/users\/3"}],"replies":[{"embeddable":true,"href":"https:\/\/www.actualidadadiario.com\/index.php\/wp-json\/wp\/v2\/comments?post=126144"}],"version-history":[{"count":1,"href":"https:\/\/www.actualidadadiario.com\/index.php\/wp-json\/wp\/v2\/posts\/126144\/revisions"}],"predecessor-version":[{"id":126146,"href":"https:\/\/www.actualidadadiario.com\/index.php\/wp-json\/wp\/v2\/posts\/126144\/revisions\/126146"}],"wp:featuredmedia":[{"embeddable":true,"href":"https:\/\/www.actualidadadiario.com\/index.php\/wp-json\/wp\/v2\/media\/126145"}],"wp:attachment":[{"href":"https:\/\/www.actualidadadiario.com\/index.php\/wp-json\/wp\/v2\/media?parent=126144"}],"wp:term":[{"taxonomy":"category","embeddable":true,"href":"https:\/\/www.actualidadadiario.com\/index.php\/wp-json\/wp\/v2\/categories?post=126144"},{"taxonomy":"post_tag","embeddable":true,"href":"https:\/\/www.actualidadadiario.com\/index.php\/wp-json\/wp\/v2\/tags?post=126144"}],"curies":[{"name":"wp","href":"https:\/\/api.w.org\/{rel}","templated":true}]}}