{"id":126141,"date":"2025-03-18T15:33:13","date_gmt":"2025-03-18T18:33:13","guid":{"rendered":"https:\/\/www.actualidadadiario.com\/?p=126141"},"modified":"2025-03-18T15:33:13","modified_gmt":"2025-03-18T18:33:13","slug":"un-hallazgo-de-cientificos-argentinos-podria-ayudar-a-desarrollar-una-terapia-para-frenar-el-alzheimer","status":"publish","type":"post","link":"https:\/\/www.actualidadadiario.com\/index.php\/2025\/03\/18\/un-hallazgo-de-cientificos-argentinos-podria-ayudar-a-desarrollar-una-terapia-para-frenar-el-alzheimer\/","title":{"rendered":"Un hallazgo de cient\u00edficos argentinos podr\u00eda ayudar a desarrollar una terapia para frenar el Alzheimer"},"content":{"rendered":"<p style=\"text-align: center;\"><em><strong>El trabajo defini\u00f3 perfiles inflamatorios caracter\u00edsticos de las diferentes etapas de la principal patolog\u00eda neurodegenerativa. El hallazgo abre la puerta a nuevas perspectivas terap\u00e9uticas<\/strong><\/em><\/p>\n<p>&nbsp;<\/p>\n<p>&nbsp;<\/p>\n<p>Un estudio liderado por cient\u00edficos del Consejo Nacional de Investigaciones Cient\u00edficas y T\u00e9cnicas (CONICET), comprob\u00f3 el rol de la inflamaci\u00f3n en el desarrollo del Alzheimer y defini\u00f3 perfiles inflamatorios caracter\u00edsticos de las diferentes etapas de la enfermedad.<\/p>\n<p>La evidencia cient\u00edfica indica que la enfermedad de Alzheimer puede concebirse como una patolog\u00eda inflamatoria cr\u00f3nica que afecta el sistema nervioso central. Si bien hist\u00f3ricamente la investigaci\u00f3n sobre la principal enfermedad neurodegenerativa a nivel mundial se centr\u00f3 en los cambios que sufren las neuronas en un \u00e1rea espec\u00edfica del cerebro, en los \u00faltimos a\u00f1os cobr\u00f3 relevancia el papel que desempe\u00f1an c\u00e9lulas del tejido nervioso, principalmente astrocitos y microgl\u00eda, que regulan las respuestas inflamatorias en el sistema nervioso central.<\/p>\n<p>\u201cEl hallazgo abre nuevas perspectivas terap\u00e9uticas, incluida la eventual posibilidad de modular la respuesta inflamatoria para frenar la progresi\u00f3n de la enfermedad\u201d, se\u00f1ala Laura Morelli, l\u00edder del trabajo, investigadora del CONICET en el Instituto de Investigaciones Bioqu\u00edmicas de Buenos Aires (IIBBA, CONICET-Fundaci\u00f3n Instituto Leloir) y jefa del Laboratorio de Envejecimiento Cerebral y Neurodegeneraci\u00f3n de la Fundaci\u00f3n Instituto Leloir (FIL). Y agrega: \u201cLa neuroglia (formada por astrocitos, microgl\u00eda y otras c\u00e9lulas que brindan soporte a las neuronas) secreta citoquinas, sustancias que regulan la respuesta inflamatoria y que pueden pasar desde el sistema nervioso central hacia la sangre perif\u00e9rica, un proceso que se ve incrementado cuando la barrera hematoencef\u00e1lica [que protege el cerebro de mol\u00e9culas que circulan en el torrente sangu\u00edneo] est\u00e1 perturbada, como ocurre en pacientes con enfermedad de Alzheimer\u201d.<\/p>\n<p>Este avance es el resultado de un trabajo colaborativo multic\u00e9ntrico en el que participaron profesionales de varios hospitales de la Argentina y de Espa\u00f1a, en conjunto con investigadores de la Fundaci\u00f3n Instituto Leloir y el CONICET, el estudio se propuso determinar los niveles de citoquinas y quimiocinas en sangre en personas a las que se agrup\u00f3 seg\u00fan tres estadios cl\u00ednicos distintos: cognitivamente sanos; con deterioro cognitivo leve y con diagn\u00f3stico de Alzheimer. El objetivo de la investigaci\u00f3n, que tiene como primeros autores al becario doctoral del CONICET Lorenzo Campanelli y al investigador adjunto del CONICET Pablo Galeano, fue evaluar la respuesta inflamatoria durante la evoluci\u00f3n de la enfermedad.<\/p>\n<p>Participaron del estudio personas de 60 a\u00f1os o m\u00e1s, a las que se les realiz\u00f3 una evaluaci\u00f3n cl\u00ednica, neuropsicol\u00f3gica y de im\u00e1genes de cerebro. Se les extrajo sangre y mediante t\u00e9cnicas ultrasensibles se midieron los niveles de 30 citoquinas y quimiocinas. A trav\u00e9s de an\u00e1lisis estad\u00edsticos avanzados, y considerando el sexo y la edad, los investigadores identificaron que cada grupo cl\u00ednico presentaba un perfil inflamatorio distintivo. Mientras las personas con deterioro cognitivo leve se caracterizaron por un aumento de eotaxina-1, implicada en neurotoxicidad, los pacientes con Alzheimer presentaron un aumento de la interleucina proinflamatoria IL-16. Como factor com\u00fan, en ambos grupos se detectaron niveles incrementados de la quimiocina MDC, que regula la funci\u00f3n de las c\u00e9lulas inmunitarias.<\/p>\n<p>\u201cEstos hallazgos destacan el papel central de la inflamaci\u00f3n en la progresi\u00f3n de la enfermedad de Alzheimer y demuestran el papel de la neuroglia en diferentes etapas cl\u00ednicas de la patolog\u00eda\u201d, destaca Morelli. Y concluye: \u201cLos resultados de nuestro trabajo sugieren la posibilidad de explorar el dise\u00f1o de terapias que modulen la respuesta inflamatoria para frenar la progresi\u00f3n de la enfermedad\u201d.<\/p>\n","protected":false},"excerpt":{"rendered":"<p>El trabajo defini\u00f3 perfiles inflamatorios caracter\u00edsticos de las diferentes etapas de la principal patolog\u00eda neurodegenerativa. El hallazgo abre la puerta a nuevas perspectivas terap\u00e9uticas &nbsp; &nbsp; Un estudio liderado por cient\u00edficos del Consejo Nacional de Investigaciones Cient\u00edficas y T\u00e9cnicas (CONICET), comprob\u00f3 el rol de la inflamaci\u00f3n en el desarrollo del Alzheimer y defini\u00f3 perfiles inflamatorios caracter\u00edsticos de las diferentes etapas de la enfermedad. La evidencia cient\u00edfica indica que la enfermedad de Alzheimer puede concebirse como una patolog\u00eda inflamatoria cr\u00f3nica que afecta el sistema nervioso central. Si bien hist\u00f3ricamente la investigaci\u00f3n&#8230;<\/p>\n","protected":false},"author":3,"featured_media":126142,"comment_status":"closed","ping_status":"closed","sticky":false,"template":"","format":"standard","meta":[],"categories":[4],"tags":[],"_links":{"self":[{"href":"https:\/\/www.actualidadadiario.com\/index.php\/wp-json\/wp\/v2\/posts\/126141"}],"collection":[{"href":"https:\/\/www.actualidadadiario.com\/index.php\/wp-json\/wp\/v2\/posts"}],"about":[{"href":"https:\/\/www.actualidadadiario.com\/index.php\/wp-json\/wp\/v2\/types\/post"}],"author":[{"embeddable":true,"href":"https:\/\/www.actualidadadiario.com\/index.php\/wp-json\/wp\/v2\/users\/3"}],"replies":[{"embeddable":true,"href":"https:\/\/www.actualidadadiario.com\/index.php\/wp-json\/wp\/v2\/comments?post=126141"}],"version-history":[{"count":1,"href":"https:\/\/www.actualidadadiario.com\/index.php\/wp-json\/wp\/v2\/posts\/126141\/revisions"}],"predecessor-version":[{"id":126143,"href":"https:\/\/www.actualidadadiario.com\/index.php\/wp-json\/wp\/v2\/posts\/126141\/revisions\/126143"}],"wp:featuredmedia":[{"embeddable":true,"href":"https:\/\/www.actualidadadiario.com\/index.php\/wp-json\/wp\/v2\/media\/126142"}],"wp:attachment":[{"href":"https:\/\/www.actualidadadiario.com\/index.php\/wp-json\/wp\/v2\/media?parent=126141"}],"wp:term":[{"taxonomy":"category","embeddable":true,"href":"https:\/\/www.actualidadadiario.com\/index.php\/wp-json\/wp\/v2\/categories?post=126141"},{"taxonomy":"post_tag","embeddable":true,"href":"https:\/\/www.actualidadadiario.com\/index.php\/wp-json\/wp\/v2\/tags?post=126141"}],"curies":[{"name":"wp","href":"https:\/\/api.w.org\/{rel}","templated":true}]}}