{"id":126136,"date":"2025-03-18T14:13:59","date_gmt":"2025-03-18T17:13:59","guid":{"rendered":"https:\/\/www.actualidadadiario.com\/?p=126136"},"modified":"2025-03-18T14:13:59","modified_gmt":"2025-03-18T17:13:59","slug":"confirmaron-el-proximo-viaje-de-milei-a-israel","status":"publish","type":"post","link":"https:\/\/www.actualidadadiario.com\/index.php\/2025\/03\/18\/confirmaron-el-proximo-viaje-de-milei-a-israel\/","title":{"rendered":"Confirmaron el pr\u00f3ximo viaje de Milei a Israel"},"content":{"rendered":"<p style=\"text-align: center;\"><em><strong>El Presidente viajar\u00e1 durante cuatro d\u00edas a Tel Aviv junto a una peque\u00f1a comitiva, en lo que considera una misi\u00f3n estrat\u00e9gica con uno de sus aliados. El mandatario hab\u00eda suspendido un viaje a Chile y Espa\u00f1a<\/strong><\/em><\/p>\n<p>&nbsp;<\/p>\n<p>&nbsp;<\/p>\n<p>Pese a no haber asistido al acto en conmemoraci\u00f3n del atentado terrorista contra la embajada de Israel, el Gobierno nacional confirm\u00f3 que el presidente Javier Milei viajar\u00e1 este fin de semana a Israel.<\/p>\n<p>C\u00f3mo todos los a\u00f1os, los sobrevivientes y familiares de las v\u00edctimas se reunieron ayer en un nuevo aniversario del atentado a la sede diplom\u00e1tica en 1992, que dej\u00f3 29 muertos, y cientos de heridos.<\/p>\n<p>El presidente Milei ten\u00eda agendada una entrevista con el medio norteamericano The Washington Post y en su lugar asistieron la secretaria general de la Presidencia, Karina Milei, y los ministros de Relaciones Exteriores, Gerardo Werthein; de Defensa, Luis Petri; de Seguridad, Patricia Bullrich, de Salud, Mario Lugones, y Justicia, Mariano C\u00faneo Libarona.<\/p>\n<p>Sin embargo, el jefe de Estado recibi\u00f3 a las autoridades de la DAIA en la Casa Rosada, en el marco del 33\u00b0 aniversario del atentado contra la Embajada de Israel en la Argentina.<\/p>\n<p>Sobre el viaje a Israel, fuentes oficiales confirmaron a este medio que el presidente viajar\u00e1 por segunda vez a suelo israel\u00ed el pr\u00f3ximo fin de semana. \u201cSale de viaje el s\u00e1bado o domingo\u201d, informaron en el entorno presidencial.<\/p>\n<p>La administraci\u00f3n libertaria ha dejado expuesto su v\u00ednculo con la comunidad jud\u00eda y con el gobierno de Israel, al considerarlo como un aliado estrat\u00e9gico junto a Estados Unidos.<\/p>\n<p>La gira internacional tendr\u00e1 status de visita de Estado e incluir\u00e1 un encuentro cara a cara con\u00a0 el primer ministro Benjam\u00edn Netanyahu, con quien\u00a0 firmar\u00e1 un memor\u00e1ndum por la paz.<\/p>\n<p>Por los incidentes en el Congreso en la marcha de los jubilados y la situaci\u00f3n del temporal en Bah\u00eda Blanca, el Presidente hab\u00eda decidi\u00f3 suspender visita que ten\u00eda prevista realizar a Espa\u00f1a, aunque mantiene en agenda a Israel, donde recibir\u00e1 el \u201cPremio Nobel Jud\u00edo\u201d que le otorgar\u00e1n como reconocimiento a su compromiso con el pueblo israel\u00ed. Tambi\u00e9n hab\u00eda cancelado una charla que iba a dar en Santiago de Chile el martes 11 ante empresarios chilenos.<\/p>\n<p>Seg\u00fan la agenda oficial, Milei permanecer\u00e1 en Israel durante cuatro d\u00edas en los que participar\u00e1 de diferentes actividades, acompa\u00f1ado por su hermana y secretaria General de la Presidencia, Karina Milei, el canciller Gerardo Werthein, y el embajador argentino en Israel Axel Wahnish.<\/p>\n","protected":false},"excerpt":{"rendered":"<p>El Presidente viajar\u00e1 durante cuatro d\u00edas a Tel Aviv junto a una peque\u00f1a comitiva, en lo que considera una misi\u00f3n estrat\u00e9gica con uno de sus aliados. El mandatario hab\u00eda suspendido un viaje a Chile y Espa\u00f1a &nbsp; &nbsp; Pese a no haber asistido al acto en conmemoraci\u00f3n del atentado terrorista contra la embajada de Israel, el Gobierno nacional confirm\u00f3 que el presidente Javier Milei viajar\u00e1 este fin de semana a Israel. C\u00f3mo todos los a\u00f1os, los sobrevivientes y familiares de las v\u00edctimas se reunieron ayer en un nuevo aniversario del&#8230;<\/p>\n","protected":false},"author":3,"featured_media":126137,"comment_status":"closed","ping_status":"closed","sticky":false,"template":"","format":"standard","meta":[],"categories":[18],"tags":[],"_links":{"self":[{"href":"https:\/\/www.actualidadadiario.com\/index.php\/wp-json\/wp\/v2\/posts\/126136"}],"collection":[{"href":"https:\/\/www.actualidadadiario.com\/index.php\/wp-json\/wp\/v2\/posts"}],"about":[{"href":"https:\/\/www.actualidadadiario.com\/index.php\/wp-json\/wp\/v2\/types\/post"}],"author":[{"embeddable":true,"href":"https:\/\/www.actualidadadiario.com\/index.php\/wp-json\/wp\/v2\/users\/3"}],"replies":[{"embeddable":true,"href":"https:\/\/www.actualidadadiario.com\/index.php\/wp-json\/wp\/v2\/comments?post=126136"}],"version-history":[{"count":1,"href":"https:\/\/www.actualidadadiario.com\/index.php\/wp-json\/wp\/v2\/posts\/126136\/revisions"}],"predecessor-version":[{"id":126138,"href":"https:\/\/www.actualidadadiario.com\/index.php\/wp-json\/wp\/v2\/posts\/126136\/revisions\/126138"}],"wp:featuredmedia":[{"embeddable":true,"href":"https:\/\/www.actualidadadiario.com\/index.php\/wp-json\/wp\/v2\/media\/126137"}],"wp:attachment":[{"href":"https:\/\/www.actualidadadiario.com\/index.php\/wp-json\/wp\/v2\/media?parent=126136"}],"wp:term":[{"taxonomy":"category","embeddable":true,"href":"https:\/\/www.actualidadadiario.com\/index.php\/wp-json\/wp\/v2\/categories?post=126136"},{"taxonomy":"post_tag","embeddable":true,"href":"https:\/\/www.actualidadadiario.com\/index.php\/wp-json\/wp\/v2\/tags?post=126136"}],"curies":[{"name":"wp","href":"https:\/\/api.w.org\/{rel}","templated":true}]}}