{"id":126128,"date":"2025-03-18T14:08:39","date_gmt":"2025-03-18T17:08:39","guid":{"rendered":"https:\/\/www.actualidadadiario.com\/?p=126128"},"modified":"2025-03-18T14:08:39","modified_gmt":"2025-03-18T17:08:39","slug":"protocolo-antipiquetes-la-justicia-federal-dispuso-monitorear-la-marcha-de-manana","status":"publish","type":"post","link":"https:\/\/www.actualidadadiario.com\/index.php\/2025\/03\/18\/protocolo-antipiquetes-la-justicia-federal-dispuso-monitorear-la-marcha-de-manana\/","title":{"rendered":"Protocolo antipiquetes: la Justicia Federal dispuso monitorear la marcha de ma\u00f1ana"},"content":{"rendered":"<p style=\"text-align: center;\"><em><strong>As\u00ed lo decidi\u00f3 el Juez Mart\u00edn Cormick, en el marco de la causa en la que se pidi\u00f3 declarar la inconstitucionalidad del protocolo aprobado por el Ministerio de Seguridad<\/strong><\/em><\/p>\n<p>&nbsp;<\/p>\n<p>&nbsp;<\/p>\n<p>El juez en lo Contencioso Administrativo Mart\u00edn Cormick, resolvi\u00f3 este lunes rechazar una medida cautelar solicitada por el CELS en el marco de una acci\u00f3n de amparo colectiva que busca declarar la inconstitucionalidad de la resoluci\u00f3n conocida como \u201cProtocolo Antipiquetes\u201d. Asimismo, pidi\u00f3 que la Justicia Federal monitoree la marcha del pr\u00f3ximo mi\u00e9rcoles.<\/p>\n<p>La medida pretend\u00eda suspender el protocolo y que se ordene al Ministerio de Seguridad que respete y garantice el derecho a la vida, integridad personal, la salud y la libertad de expresi\u00f3n de quienes participen de protestas, transiten por las zonas en donde se lleva a cabo una protesta o desempe\u00f1en su labor period\u00edstica para brindar cobertura a dichos eventos.<\/p>\n<p>Sin perjuicio de que el magistrado rechaz\u00f3 la cautelar, expres\u00f3 que \u201cno desconoce ni es impasible a los desgraciados hechos de p\u00fablico conocimiento sucedidos el 12\/03\/25 que no aparecen adecuados a los principios republicanos que consagra la Constituci\u00f3n Nacional y las normas supranacionales que constituyen la ley suprema de nuestro pa\u00eds\u201d.<\/p>\n<p>Ante la marcha convocada para este mi\u00e9rcoles 19 de marzo, el juez Cormick advirti\u00f3 que \u201cobservar\u00e1 presencialmente con suma atenci\u00f3n todo lo que all\u00ed suceda a efectos de incorporar de oficio &#8211; a trav\u00e9s de los medios probatorios previstos en el CPCCN (aplicable supletoriamente -art. 17 ley de amparo)- toda prueba relativa a cualquier conducta, hecho y\/o acto que resulte procedente para resolver la cuesti\u00f3n en debate en estos autos, tal es el planteo de inconstitucionalidad de la Resoluci\u00f3n 943\/23 (Protocolo de Seguridad)\u201d.<\/p>\n","protected":false},"excerpt":{"rendered":"<p>As\u00ed lo decidi\u00f3 el Juez Mart\u00edn Cormick, en el marco de la causa en la que se pidi\u00f3 declarar la inconstitucionalidad del protocolo aprobado por el Ministerio de Seguridad &nbsp; &nbsp; El juez en lo Contencioso Administrativo Mart\u00edn Cormick, resolvi\u00f3 este lunes rechazar una medida cautelar solicitada por el CELS en el marco de una acci\u00f3n de amparo colectiva que busca declarar la inconstitucionalidad de la resoluci\u00f3n conocida como \u201cProtocolo Antipiquetes\u201d. Asimismo, pidi\u00f3 que la Justicia Federal monitoree la marcha del pr\u00f3ximo mi\u00e9rcoles. La medida pretend\u00eda suspender el protocolo y&#8230;<\/p>\n","protected":false},"author":3,"featured_media":126129,"comment_status":"closed","ping_status":"closed","sticky":false,"template":"","format":"standard","meta":[],"categories":[18],"tags":[],"_links":{"self":[{"href":"https:\/\/www.actualidadadiario.com\/index.php\/wp-json\/wp\/v2\/posts\/126128"}],"collection":[{"href":"https:\/\/www.actualidadadiario.com\/index.php\/wp-json\/wp\/v2\/posts"}],"about":[{"href":"https:\/\/www.actualidadadiario.com\/index.php\/wp-json\/wp\/v2\/types\/post"}],"author":[{"embeddable":true,"href":"https:\/\/www.actualidadadiario.com\/index.php\/wp-json\/wp\/v2\/users\/3"}],"replies":[{"embeddable":true,"href":"https:\/\/www.actualidadadiario.com\/index.php\/wp-json\/wp\/v2\/comments?post=126128"}],"version-history":[{"count":1,"href":"https:\/\/www.actualidadadiario.com\/index.php\/wp-json\/wp\/v2\/posts\/126128\/revisions"}],"predecessor-version":[{"id":126130,"href":"https:\/\/www.actualidadadiario.com\/index.php\/wp-json\/wp\/v2\/posts\/126128\/revisions\/126130"}],"wp:featuredmedia":[{"embeddable":true,"href":"https:\/\/www.actualidadadiario.com\/index.php\/wp-json\/wp\/v2\/media\/126129"}],"wp:attachment":[{"href":"https:\/\/www.actualidadadiario.com\/index.php\/wp-json\/wp\/v2\/media?parent=126128"}],"wp:term":[{"taxonomy":"category","embeddable":true,"href":"https:\/\/www.actualidadadiario.com\/index.php\/wp-json\/wp\/v2\/categories?post=126128"},{"taxonomy":"post_tag","embeddable":true,"href":"https:\/\/www.actualidadadiario.com\/index.php\/wp-json\/wp\/v2\/tags?post=126128"}],"curies":[{"name":"wp","href":"https:\/\/api.w.org\/{rel}","templated":true}]}}