{"id":126122,"date":"2025-03-18T12:28:47","date_gmt":"2025-03-18T15:28:47","guid":{"rendered":"https:\/\/www.actualidadadiario.com\/?p=126122"},"modified":"2025-03-18T12:28:47","modified_gmt":"2025-03-18T15:28:47","slug":"una-encuesta-revelo-que-la-mayoria-de-los-argentinos-cree-que-en-los-proximos-seis-meses-el-pais-va-a-estar-peor","status":"publish","type":"post","link":"https:\/\/www.actualidadadiario.com\/index.php\/2025\/03\/18\/una-encuesta-revelo-que-la-mayoria-de-los-argentinos-cree-que-en-los-proximos-seis-meses-el-pais-va-a-estar-peor\/","title":{"rendered":"Una encuesta revel\u00f3 que la mayor\u00eda de los argentinos cree que \u201cen los pr\u00f3ximos seis meses\u201d el pa\u00eds \u201cva a estar peor\u201d"},"content":{"rendered":"<p style=\"text-align: center;\"><em><strong>El informe tambi\u00e9n arroj\u00f3 que las principales preocupaciones de los ciudadanos son la inseguridad, la pobreza y la desocupaci\u00f3n, en ese orden<\/strong><\/em><\/p>\n<p>&nbsp;<\/p>\n<p>&nbsp;<\/p>\n<p>Una encuesta realizada durante la primera quincena de marzo afirm\u00f3 que la mayor\u00eda de los argentinos, que fueron consultados, cree que \u201cen los pr\u00f3ximos seis meses la situaci\u00f3n del pa\u00eds va a estar peor\u201d.<\/p>\n<p>El informe publicado por el Equipo Mide recab\u00f3 1.423 casos, de los cuales el 40% considera que habr\u00e1 un deterioro en el segundo semestre de este a\u00f1o, mientras que el 29% cree que \u201cestar\u00e1 mejor que ahora\u201d.<\/p>\n<p>Al consultar sobre c\u00f3mo analizar\u00edan la gesti\u00f3n del gobierno de Javier Milei, el 46% la considera negativa (el 15% la se\u00f1ala como \u201cmala\u201d mientras que el 31% la califica como \u201cmuy mala\u201d), el 17% indic\u00f3 que es regular y s\u00f3lo el 16% manifest\u00f3 que es \u201cmuy buena\u201d.<\/p>\n<p>Asimismo, se les pregunt\u00f3 por su situaci\u00f3n personal, desde la asunci\u00f3n del nuevo Gobierno Nacional, y el 49% confes\u00f3 estar \u201cpeor que antes\u201d y el 28% consider\u00f3 \u201cestar igual\u201d; con respecto a las medidas econ\u00f3micas tomadas por Milei el 40% est\u00e1 \u201cmuy en desacuerdo\u201d y el 11% \u201cparcialmente en desacuerdo\u201d.<\/p>\n<p>Por otra parte, detallaron las principales preocupaciones de los ciudadanos: lidera la inseguridad (19%) y le siguen la pobreza (16%) y la desocupaci\u00f3n (14%); la salud y la falta de viviendas se encuentran \u00faltimas (1% ambas).<\/p>\n<p>Otra de las preguntas que realizaron est\u00e1 vinculada con el estado emocional de los argentinos y c\u00f3mo los atraviesa este momento del pa\u00eds: el 40% respondi\u00f3 con emociones negativas (como bronca, enojo, miedo y desilusi\u00f3n), el 38% contest\u00f3 positivamente (con esperanza, confianza y alegr\u00eda), mientras que el 20% siente \u201cincertidumbre\u201d.<\/p>\n<p>Para finalizar, se les consult\u00f3 sobre qu\u00e9 opini\u00f3n tienen acerca de la imagen presidencial de Javier Milei y el 53% consider\u00f3 que es negativa, el 45% positiva y s\u00f3lo el 2% prefiri\u00f3 no contestar.<\/p>\n","protected":false},"excerpt":{"rendered":"<p>El informe tambi\u00e9n arroj\u00f3 que las principales preocupaciones de los ciudadanos son la inseguridad, la pobreza y la desocupaci\u00f3n, en ese orden &nbsp; &nbsp; Una encuesta realizada durante la primera quincena de marzo afirm\u00f3 que la mayor\u00eda de los argentinos, que fueron consultados, cree que \u201cen los pr\u00f3ximos seis meses la situaci\u00f3n del pa\u00eds va a estar peor\u201d. El informe publicado por el Equipo Mide recab\u00f3 1.423 casos, de los cuales el 40% considera que habr\u00e1 un deterioro en el segundo semestre de este a\u00f1o, mientras que el 29% cree&#8230;<\/p>\n","protected":false},"author":3,"featured_media":126021,"comment_status":"closed","ping_status":"closed","sticky":false,"template":"","format":"standard","meta":[],"categories":[9],"tags":[],"_links":{"self":[{"href":"https:\/\/www.actualidadadiario.com\/index.php\/wp-json\/wp\/v2\/posts\/126122"}],"collection":[{"href":"https:\/\/www.actualidadadiario.com\/index.php\/wp-json\/wp\/v2\/posts"}],"about":[{"href":"https:\/\/www.actualidadadiario.com\/index.php\/wp-json\/wp\/v2\/types\/post"}],"author":[{"embeddable":true,"href":"https:\/\/www.actualidadadiario.com\/index.php\/wp-json\/wp\/v2\/users\/3"}],"replies":[{"embeddable":true,"href":"https:\/\/www.actualidadadiario.com\/index.php\/wp-json\/wp\/v2\/comments?post=126122"}],"version-history":[{"count":1,"href":"https:\/\/www.actualidadadiario.com\/index.php\/wp-json\/wp\/v2\/posts\/126122\/revisions"}],"predecessor-version":[{"id":126123,"href":"https:\/\/www.actualidadadiario.com\/index.php\/wp-json\/wp\/v2\/posts\/126122\/revisions\/126123"}],"wp:featuredmedia":[{"embeddable":true,"href":"https:\/\/www.actualidadadiario.com\/index.php\/wp-json\/wp\/v2\/media\/126021"}],"wp:attachment":[{"href":"https:\/\/www.actualidadadiario.com\/index.php\/wp-json\/wp\/v2\/media?parent=126122"}],"wp:term":[{"taxonomy":"category","embeddable":true,"href":"https:\/\/www.actualidadadiario.com\/index.php\/wp-json\/wp\/v2\/categories?post=126122"},{"taxonomy":"post_tag","embeddable":true,"href":"https:\/\/www.actualidadadiario.com\/index.php\/wp-json\/wp\/v2\/tags?post=126122"}],"curies":[{"name":"wp","href":"https:\/\/api.w.org\/{rel}","templated":true}]}}