{"id":126119,"date":"2025-03-18T12:27:53","date_gmt":"2025-03-18T15:27:53","guid":{"rendered":"https:\/\/www.actualidadadiario.com\/?p=126119"},"modified":"2025-03-18T12:27:53","modified_gmt":"2025-03-18T15:27:53","slug":"general-motors-freno-total-de-produccion-en-su-planta-de-santa-fe","status":"publish","type":"post","link":"https:\/\/www.actualidadadiario.com\/index.php\/2025\/03\/18\/general-motors-freno-total-de-produccion-en-su-planta-de-santa-fe\/","title":{"rendered":"General Motors: freno total de producci\u00f3n en su planta de Santa Fe"},"content":{"rendered":"<p style=\"text-align: center;\"><em><strong>Ser\u00e1 desde el 25 de marzo hasta el 14 de abril, por menores exportaciones a Brasil, principal destino de los veh\u00edculos fabricados en la planta de General Motors en Santa Fe<\/strong><\/em><\/p>\n<p>&nbsp;<\/p>\n<p>&nbsp;<\/p>\n<p>La automotriz General Motors parar\u00e1 su producci\u00f3n en la planta del sur provincial ubicada en Alvear de Santa Fe desde del 25 de marzo y hasta el 14 de abril inclusive para adecuar los vol\u00famenes de exportaci\u00f3n a Brasil, seg\u00fan inform\u00f3 la compa\u00f1\u00eda.<\/p>\n<p>El socio del Mercosur es el principal destino de la producci\u00f3n de veh\u00edculos en el Gran Rosario y desde que Brasil devalu\u00f3 fuerte su moneda (el real) sin trasladar la depreciaci\u00f3n a un aumento de costos, las exportaciones argentinas quedaron caras para competir.<\/p>\n<p>&nbsp;<\/p>\n<p><strong>Ca\u00edda de exportaciones a Brasil<\/strong><\/p>\n<p>La ca\u00edda de las exportaciones, junto con el delicado momento del mercado interno (aunque representa poco de la producci\u00f3n en el Gran Rosario), provoc\u00f3 la paralizaci\u00f3n de la planta en una empresa que desde 2023 viene con un funcionamiento complicado.<\/p>\n<p>En efecto, en enero abri\u00f3 un nuevo proceso de retiros voluntarios en su planta. La firma calcula que en 2025 el ritmo de producci\u00f3n bajar\u00e1 un 50% y se estima un recorte de personal que rondar\u00e1 en los 300 trabajadores.<\/p>\n<p>&nbsp;<\/p>\n<p><strong>Otra paralizaci\u00f3n<\/strong><\/p>\n<p>Durante el 2024 la empresa estuvo parada durante varios meses y llev\u00f3 adelante otros procesos de retiros. Las medidas se debieron a una importante ca\u00edda en la actividad, donde la proyecci\u00f3n anual de la empresa pas\u00f3 de 430 mil a 330 mil unidades.<\/p>\n<p>Despu\u00e9s de haber suspendido su producci\u00f3n desde fin de diciembre el 2023 hasta comienzo de marzo de 2024, volvi\u00f3 a parar el 27 de ese mismo mes hasta el 14 de abril por &#8220;inconvenientes con el suministro de piezas de proveedores afectados con los pagos al exterior&#8221;.<\/p>\n<p>La planta, que produce \u00fanicamente el modelo SUV Tracker, volvi\u00f3 a pausar su producci\u00f3n durante una semana a fines de abril. Ya para entonces, los n\u00fameros comenzaron a ser alarmantes: durante el primer trimestre sufri\u00f3 una ca\u00edda del 23% de la producci\u00f3n a ra\u00edz de la ca\u00edda en las ventas y en las exportaciones.<\/p>\n","protected":false},"excerpt":{"rendered":"<p>Ser\u00e1 desde el 25 de marzo hasta el 14 de abril, por menores exportaciones a Brasil, principal destino de los veh\u00edculos fabricados en la planta de General Motors en Santa Fe &nbsp; &nbsp; La automotriz General Motors parar\u00e1 su producci\u00f3n en la planta del sur provincial ubicada en Alvear de Santa Fe desde del 25 de marzo y hasta el 14 de abril inclusive para adecuar los vol\u00famenes de exportaci\u00f3n a Brasil, seg\u00fan inform\u00f3 la compa\u00f1\u00eda. El socio del Mercosur es el principal destino de la producci\u00f3n de veh\u00edculos en&#8230;<\/p>\n","protected":false},"author":3,"featured_media":126120,"comment_status":"closed","ping_status":"closed","sticky":false,"template":"","format":"standard","meta":[],"categories":[2],"tags":[],"_links":{"self":[{"href":"https:\/\/www.actualidadadiario.com\/index.php\/wp-json\/wp\/v2\/posts\/126119"}],"collection":[{"href":"https:\/\/www.actualidadadiario.com\/index.php\/wp-json\/wp\/v2\/posts"}],"about":[{"href":"https:\/\/www.actualidadadiario.com\/index.php\/wp-json\/wp\/v2\/types\/post"}],"author":[{"embeddable":true,"href":"https:\/\/www.actualidadadiario.com\/index.php\/wp-json\/wp\/v2\/users\/3"}],"replies":[{"embeddable":true,"href":"https:\/\/www.actualidadadiario.com\/index.php\/wp-json\/wp\/v2\/comments?post=126119"}],"version-history":[{"count":1,"href":"https:\/\/www.actualidadadiario.com\/index.php\/wp-json\/wp\/v2\/posts\/126119\/revisions"}],"predecessor-version":[{"id":126121,"href":"https:\/\/www.actualidadadiario.com\/index.php\/wp-json\/wp\/v2\/posts\/126119\/revisions\/126121"}],"wp:featuredmedia":[{"embeddable":true,"href":"https:\/\/www.actualidadadiario.com\/index.php\/wp-json\/wp\/v2\/media\/126120"}],"wp:attachment":[{"href":"https:\/\/www.actualidadadiario.com\/index.php\/wp-json\/wp\/v2\/media?parent=126119"}],"wp:term":[{"taxonomy":"category","embeddable":true,"href":"https:\/\/www.actualidadadiario.com\/index.php\/wp-json\/wp\/v2\/categories?post=126119"},{"taxonomy":"post_tag","embeddable":true,"href":"https:\/\/www.actualidadadiario.com\/index.php\/wp-json\/wp\/v2\/tags?post=126119"}],"curies":[{"name":"wp","href":"https:\/\/api.w.org\/{rel}","templated":true}]}}