{"id":126113,"date":"2025-03-18T12:24:35","date_gmt":"2025-03-18T15:24:35","guid":{"rendered":"https:\/\/www.actualidadadiario.com\/?p=126113"},"modified":"2025-03-18T12:24:35","modified_gmt":"2025-03-18T15:24:35","slug":"feriados-marzo-2025-se-viene-el-finde-largo-y-que-queda-para-el-resto-del-ano-2","status":"publish","type":"post","link":"https:\/\/www.actualidadadiario.com\/index.php\/2025\/03\/18\/feriados-marzo-2025-se-viene-el-finde-largo-y-que-queda-para-el-resto-del-ano-2\/","title":{"rendered":"Feriados marzo 2025: se viene el finde largo y qu\u00e9 queda para el resto del a\u00f1o"},"content":{"rendered":"<p style=\"text-align: center;\"><em><strong>En 2025, marzo present\u00f3 una singularidad: los feriados nacionales por Carnaval \u2013que a\u00f1os anteriores cayeron en febrero- tuvieron lugar en el tercer mes del a\u00f1o. Pero estos feriados no son los \u00fanicos. \u00bfCu\u00e1ndo se viene el pr\u00f3ximo finde largo en marzo de 2025?<\/strong><\/em><\/p>\n<p>&nbsp;<\/p>\n<p>&nbsp;<\/p>\n<p>A fines de diciembre de 2024, el Gobierno Nacional oficializ\u00f3 el calendario de feriados y d\u00edas no laborables correspondientes a 2025. Lo hizo a trav\u00e9s del decreto 1027\/2024 \u2013que fija los d\u00edas no laborables con fines tur\u00edsticos\u2013 y la Ley 27.399 \u2013que establece el cronograma de feriados y d\u00edas no laborables.<\/p>\n<p>El pr\u00f3ximo finde largo en marzo de 2025 tendr\u00e1 lugar entre el s\u00e1bado 22 y el lunes 24 de marzo. Y es que el lunes 24 de marzo de 2025 se conmemorar\u00e1 el D\u00eda Nacional de la Memoria por la Verdad y la Justicia.<\/p>\n<p>Cabe recordar que el D\u00eda Nacional de la Memoria por la Verdad y la Justicia es un d\u00eda feriado inamovible en nuestro pa\u00eds, que se conmemora cada 24 de marzo. Esa fecha alude al golpe de Estado del 24 de marzo de 1976, que dio lugar a una dictadura sangrienta que se transform\u00f3, a la postre, en el peor gobierno de la historia argentina.<\/p>\n<p>Cada 24 de marzo persigue generar memoria y conciencia colectiva con el objetivo de que los golpes de Estado y las violaciones de derechos humanos no vuelvan a tener lugar en la Argentina.<\/p>\n<p>En 2006, N\u00e9stor Kirchner present\u00f3 al Congreso un proyecto de ley para que la fecha del 24 de marzo se convirtiera en un d\u00eda feriado e inamovible. La ley fue aprobada con el n\u00famero 26.085, con el voto mayoritario en ambas c\u00e1maras.<\/p>\n<p>&nbsp;<\/p>\n<p><strong>A continuaci\u00f3n, el organigrama que incluye a los feriados y d\u00edas no laborables restantes del a\u00f1o 2025:<\/strong><\/p>\n<ul>\n<li>Mi\u00e9rcoles 2 de abril: D\u00eda del Veterano y de los Ca\u00eddos en la Guerra de Malvinas.<\/li>\n<li>Viernes 18 de abril: Viernes Santo.<\/li>\n<li>Jueves 1ro de mayo: D\u00eda del Trabajador.<\/li>\n<li>Viernes 2 de mayo: Puente tur\u00edstico no laborable.<\/li>\n<li>Domingo 25 de mayo: D\u00eda de la Revoluci\u00f3n de Mayo.<\/li>\n<li>Lunes 16 de junio: Paso a la Inmortalidad del Gral. Don Mart\u00edn Miguel de G\u00fcemes.<\/li>\n<li>Viernes 20 de junio: Paso a la Inmortalidad del Gral. Manuel Belgrano.<\/li>\n<li>Mi\u00e9rcoles 9 de julio: D\u00eda de la Independencia.<\/li>\n<li>Viernes 15 de agosto: Puente tur\u00edstico no laborable.<\/li>\n<li>Domingo 17 de agosto: Paso a la inmortalidad del Gral. Jos\u00e9 de San Mart\u00edn.<\/li>\n<li>Domingo 12 de octubre: D\u00eda del Respeto a la Diversidad Cultural.<\/li>\n<li>Viernes 21 de noviembre: Puente tur\u00edstico no laborable.<\/li>\n<li>Lunes 24 de noviembre: D\u00eda de la Soberan\u00eda Nacional.<\/li>\n<li>Lunes 8 de diciembre: D\u00eda de la Inmaculada Concepci\u00f3n de Mar\u00eda.<\/li>\n<li>Jueves 25 de diciembre: Navidad.<\/li>\n<\/ul>\n<p>&nbsp;<\/p>\n<p><strong>En consecuencia, los fines de semana largos que a\u00fan quedan por delante en 2025 son los siguientes:<\/strong><\/p>\n<ul>\n<li>Viernes 18 al domingo 20 de abril.<\/li>\n<li>Jueves 1ro al domingo 4 de mayo.<\/li>\n<li>S\u00e1bado 14 al lunes 16 de junio inclusive.<\/li>\n<li>Viernes 20 al domingo 22 de junio.<\/li>\n<li>Viernes 15 al domingo 17 de agosto.<\/li>\n<li>Viernes 21 al lunes 24 de noviembre inclusive.<\/li>\n<li>S\u00e1bado 6 al lunes 8 de diciembre inclusive.<\/li>\n<\/ul>\n","protected":false},"excerpt":{"rendered":"<p>En 2025, marzo present\u00f3 una singularidad: los feriados nacionales por Carnaval \u2013que a\u00f1os anteriores cayeron en febrero- tuvieron lugar en el tercer mes del a\u00f1o. Pero estos feriados no son los \u00fanicos. \u00bfCu\u00e1ndo se viene el pr\u00f3ximo finde largo en marzo de 2025? &nbsp; &nbsp; A fines de diciembre de 2024, el Gobierno Nacional oficializ\u00f3 el calendario de feriados y d\u00edas no laborables correspondientes a 2025. Lo hizo a trav\u00e9s del decreto 1027\/2024 \u2013que fija los d\u00edas no laborables con fines tur\u00edsticos\u2013 y la Ley 27.399 \u2013que establece el cronograma&#8230;<\/p>\n","protected":false},"author":3,"featured_media":122212,"comment_status":"closed","ping_status":"closed","sticky":false,"template":"","format":"standard","meta":[],"categories":[2],"tags":[],"_links":{"self":[{"href":"https:\/\/www.actualidadadiario.com\/index.php\/wp-json\/wp\/v2\/posts\/126113"}],"collection":[{"href":"https:\/\/www.actualidadadiario.com\/index.php\/wp-json\/wp\/v2\/posts"}],"about":[{"href":"https:\/\/www.actualidadadiario.com\/index.php\/wp-json\/wp\/v2\/types\/post"}],"author":[{"embeddable":true,"href":"https:\/\/www.actualidadadiario.com\/index.php\/wp-json\/wp\/v2\/users\/3"}],"replies":[{"embeddable":true,"href":"https:\/\/www.actualidadadiario.com\/index.php\/wp-json\/wp\/v2\/comments?post=126113"}],"version-history":[{"count":1,"href":"https:\/\/www.actualidadadiario.com\/index.php\/wp-json\/wp\/v2\/posts\/126113\/revisions"}],"predecessor-version":[{"id":126114,"href":"https:\/\/www.actualidadadiario.com\/index.php\/wp-json\/wp\/v2\/posts\/126113\/revisions\/126114"}],"wp:featuredmedia":[{"embeddable":true,"href":"https:\/\/www.actualidadadiario.com\/index.php\/wp-json\/wp\/v2\/media\/122212"}],"wp:attachment":[{"href":"https:\/\/www.actualidadadiario.com\/index.php\/wp-json\/wp\/v2\/media?parent=126113"}],"wp:term":[{"taxonomy":"category","embeddable":true,"href":"https:\/\/www.actualidadadiario.com\/index.php\/wp-json\/wp\/v2\/categories?post=126113"},{"taxonomy":"post_tag","embeddable":true,"href":"https:\/\/www.actualidadadiario.com\/index.php\/wp-json\/wp\/v2\/tags?post=126113"}],"curies":[{"name":"wp","href":"https:\/\/api.w.org\/{rel}","templated":true}]}}