{"id":126093,"date":"2025-03-18T10:47:59","date_gmt":"2025-03-18T13:47:59","guid":{"rendered":"https:\/\/www.actualidadadiario.com\/?p=126093"},"modified":"2025-03-18T10:48:13","modified_gmt":"2025-03-18T13:48:13","slug":"el-tribunal-electoral-de-la-ucr-bajo-la-postulacion-de-azcue-para-presidente","status":"publish","type":"post","link":"https:\/\/www.actualidadadiario.com\/index.php\/2025\/03\/18\/el-tribunal-electoral-de-la-ucr-bajo-la-postulacion-de-azcue-para-presidente\/","title":{"rendered":"El Tribunal Electoral de la UCR baj\u00f3 la postulaci\u00f3n de Azcu\u00e9 para presidente"},"content":{"rendered":"<p style=\"text-align: center;\"><em><strong>El Tribunal Electoral de la UCR de Entre R\u00edos fall\u00f3 por unanimidad a favor de la impugnaci\u00f3n presentada por Carb\u00f3 para impedir que Azcu\u00e9 asuma como presidente del partido<\/strong><\/em><\/p>\n<p>&nbsp;<\/p>\n<p>&nbsp;<\/p>\n<p>Este lunes, las autoridades le dieron la raz\u00f3n a los argumentos planteados por el abogado Alejandro Carb\u00f3 a la candidatura del intendente de Concordia, Francisco Azcu\u00e9 a la presidencia del Comit\u00e9 Provincial.<\/p>\n<p>Carb\u00f3 plante\u00f3 que Azcu\u00e9 no cumple los cuatro a\u00f1os ininterrumpidos de afiliado a la UCR. La carta org\u00e1nica requiere, para ser candidato a cargos partidarios, cuatro a\u00f1os de afiliaci\u00f3n continua. Y Azcu\u00e9 est\u00e1 afiliado de manera consecutiva a la UCR desde fines de 2022, cuando renunci\u00f3 a la Fiscal\u00eda en la que se desempe\u00f1aba en la ciudad de Concordia. Con ese argumento es que impugn\u00f3 al intendente.<\/p>\n<p>En la resoluci\u00f3n del Tribunal Electoral partidario tambi\u00e9n se dispone el corrimiento de listas para la integraci\u00f3n del nuevo Comit\u00e9 Provincial. De modo que quien deber\u00eda asumir la presidencia es Alicia Oviedo, la intendenta de Federal que jug\u00f3 en la interna con el candidato a gobernador Pedro Galimberti y ocupa este cargo en el partido como expresi\u00f3n de un acuerdo de ese espacio con Azcu\u00e9.<\/p>\n<p>Azcu\u00e9 puede apelar la resoluci\u00f3n a la Justicia Federal con competencia electoral. \u00abSeguramente apelaremos\u00bb, respondieron en el entorno de Azcu\u00e9, apenas conocida la resoluci\u00f3n y ya entrada la noche de este lunes.<\/p>\n","protected":false},"excerpt":{"rendered":"<p>El Tribunal Electoral de la UCR de Entre R\u00edos fall\u00f3 por unanimidad a favor de la impugnaci\u00f3n presentada por Carb\u00f3 para impedir que Azcu\u00e9 asuma como presidente del partido &nbsp; &nbsp; Este lunes, las autoridades le dieron la raz\u00f3n a los argumentos planteados por el abogado Alejandro Carb\u00f3 a la candidatura del intendente de Concordia, Francisco Azcu\u00e9 a la presidencia del Comit\u00e9 Provincial. Carb\u00f3 plante\u00f3 que Azcu\u00e9 no cumple los cuatro a\u00f1os ininterrumpidos de afiliado a la UCR. La carta org\u00e1nica requiere, para ser candidato a cargos partidarios, cuatro a\u00f1os&#8230;<\/p>\n","protected":false},"author":3,"featured_media":125854,"comment_status":"closed","ping_status":"closed","sticky":false,"template":"","format":"standard","meta":[],"categories":[15],"tags":[],"_links":{"self":[{"href":"https:\/\/www.actualidadadiario.com\/index.php\/wp-json\/wp\/v2\/posts\/126093"}],"collection":[{"href":"https:\/\/www.actualidadadiario.com\/index.php\/wp-json\/wp\/v2\/posts"}],"about":[{"href":"https:\/\/www.actualidadadiario.com\/index.php\/wp-json\/wp\/v2\/types\/post"}],"author":[{"embeddable":true,"href":"https:\/\/www.actualidadadiario.com\/index.php\/wp-json\/wp\/v2\/users\/3"}],"replies":[{"embeddable":true,"href":"https:\/\/www.actualidadadiario.com\/index.php\/wp-json\/wp\/v2\/comments?post=126093"}],"version-history":[{"count":2,"href":"https:\/\/www.actualidadadiario.com\/index.php\/wp-json\/wp\/v2\/posts\/126093\/revisions"}],"predecessor-version":[{"id":126095,"href":"https:\/\/www.actualidadadiario.com\/index.php\/wp-json\/wp\/v2\/posts\/126093\/revisions\/126095"}],"wp:featuredmedia":[{"embeddable":true,"href":"https:\/\/www.actualidadadiario.com\/index.php\/wp-json\/wp\/v2\/media\/125854"}],"wp:attachment":[{"href":"https:\/\/www.actualidadadiario.com\/index.php\/wp-json\/wp\/v2\/media?parent=126093"}],"wp:term":[{"taxonomy":"category","embeddable":true,"href":"https:\/\/www.actualidadadiario.com\/index.php\/wp-json\/wp\/v2\/categories?post=126093"},{"taxonomy":"post_tag","embeddable":true,"href":"https:\/\/www.actualidadadiario.com\/index.php\/wp-json\/wp\/v2\/tags?post=126093"}],"curies":[{"name":"wp","href":"https:\/\/api.w.org\/{rel}","templated":true}]}}