{"id":126088,"date":"2025-03-18T10:45:38","date_gmt":"2025-03-18T13:45:38","guid":{"rendered":"https:\/\/www.actualidadadiario.com\/?p=126088"},"modified":"2025-03-18T10:45:38","modified_gmt":"2025-03-18T13:45:38","slug":"tras-dictamen-de-la-fiscalia-de-estado-roncaglia-vuelve-a-cobrar-el-sueldo-de-ministro","status":"publish","type":"post","link":"https:\/\/www.actualidadadiario.com\/index.php\/2025\/03\/18\/tras-dictamen-de-la-fiscalia-de-estado-roncaglia-vuelve-a-cobrar-el-sueldo-de-ministro\/","title":{"rendered":"Tras dictamen de la Fiscal\u00eda de Estado, Roncaglia vuelve a cobrar el sueldo de ministro"},"content":{"rendered":"<p style=\"text-align: center;\"><em><strong>Mediante el decreto N\u00ba 171\/25, fechado el 20 de febrero pasado, se deja sin efecto el decreto N\u00ba 2353\/24, que establec\u00eda que el ministro de Seguridad y Justicia de Entre R\u00edos, N\u00e9stor Roncaglia, continuar\u00eda ejerciendo sus funciones \u201ccon car\u00e1cter ad honorem\u201d, a partir del 1\u00ba de septiembre de 2024<\/strong><\/em><\/p>\n<p>&nbsp;<\/p>\n<p>&nbsp;<\/p>\n<p>La gesti\u00f3n para ello fue iniciada por el propio Roncaglia, quien solicit\u00f3 que su designaci\u00f3n sea considerada ad honorem \u201cdebido la incompatibilidad de percepci\u00f3n de haberes de retiro provenientes de la Polic\u00eda Federal Argentina con el desempe\u00f1o de las funciones en la administraci\u00f3n p\u00fablica provincial\u201d.<\/p>\n<p>Ahora, el decreto N\u00ba 171 vuelve para atr\u00e1s tal determinaci\u00f3n, deja sin efecto el N\u00ba 2353 y dispone que Roncaglia contin\u00fae \u201clas funciones encomendadas conforme decreto N\u00ba 245\/23\u201d, que es el que lo designa como funcionario.<\/p>\n<p>La nueva decisi\u00f3n se basa en el dictamen N\u00ba 0007\/25 de la Fiscal\u00eda de Estado, por el cual se hizo \u201cun an\u00e1lisis jur\u00eddico para determinar si existe situaci\u00f3n de incompatibilidad seg\u00fan lo dispuesto en la ley N\u00ba 7413, respecto a la funci\u00f3n del ministro de Seguridad y Justicia con su car\u00e1cter de retirado de la Polic\u00eda Federal\u201d.<\/p>\n<p>La conclusi\u00f3n del dictamen de la Fiscal\u00eda es que \u201cno se advierte la configuraci\u00f3n de incompatibilidad alguna entre el cargo desempe\u00f1ado por Roncaglia y la percepci\u00f3n de un beneficio de retiro de una fuerza de seguridad nacional\u201d.<\/p>\n","protected":false},"excerpt":{"rendered":"<p>Mediante el decreto N\u00ba 171\/25, fechado el 20 de febrero pasado, se deja sin efecto el decreto N\u00ba 2353\/24, que establec\u00eda que el ministro de Seguridad y Justicia de Entre R\u00edos, N\u00e9stor Roncaglia, continuar\u00eda ejerciendo sus funciones \u201ccon car\u00e1cter ad honorem\u201d, a partir del 1\u00ba de septiembre de 2024 &nbsp; &nbsp; La gesti\u00f3n para ello fue iniciada por el propio Roncaglia, quien solicit\u00f3 que su designaci\u00f3n sea considerada ad honorem \u201cdebido la incompatibilidad de percepci\u00f3n de haberes de retiro provenientes de la Polic\u00eda Federal Argentina con el desempe\u00f1o de las&#8230;<\/p>\n","protected":false},"author":3,"featured_media":122485,"comment_status":"closed","ping_status":"closed","sticky":false,"template":"","format":"standard","meta":[],"categories":[15],"tags":[],"_links":{"self":[{"href":"https:\/\/www.actualidadadiario.com\/index.php\/wp-json\/wp\/v2\/posts\/126088"}],"collection":[{"href":"https:\/\/www.actualidadadiario.com\/index.php\/wp-json\/wp\/v2\/posts"}],"about":[{"href":"https:\/\/www.actualidadadiario.com\/index.php\/wp-json\/wp\/v2\/types\/post"}],"author":[{"embeddable":true,"href":"https:\/\/www.actualidadadiario.com\/index.php\/wp-json\/wp\/v2\/users\/3"}],"replies":[{"embeddable":true,"href":"https:\/\/www.actualidadadiario.com\/index.php\/wp-json\/wp\/v2\/comments?post=126088"}],"version-history":[{"count":1,"href":"https:\/\/www.actualidadadiario.com\/index.php\/wp-json\/wp\/v2\/posts\/126088\/revisions"}],"predecessor-version":[{"id":126089,"href":"https:\/\/www.actualidadadiario.com\/index.php\/wp-json\/wp\/v2\/posts\/126088\/revisions\/126089"}],"wp:featuredmedia":[{"embeddable":true,"href":"https:\/\/www.actualidadadiario.com\/index.php\/wp-json\/wp\/v2\/media\/122485"}],"wp:attachment":[{"href":"https:\/\/www.actualidadadiario.com\/index.php\/wp-json\/wp\/v2\/media?parent=126088"}],"wp:term":[{"taxonomy":"category","embeddable":true,"href":"https:\/\/www.actualidadadiario.com\/index.php\/wp-json\/wp\/v2\/categories?post=126088"},{"taxonomy":"post_tag","embeddable":true,"href":"https:\/\/www.actualidadadiario.com\/index.php\/wp-json\/wp\/v2\/tags?post=126088"}],"curies":[{"name":"wp","href":"https:\/\/api.w.org\/{rel}","templated":true}]}}