{"id":126085,"date":"2025-03-18T10:44:51","date_gmt":"2025-03-18T13:44:51","guid":{"rendered":"https:\/\/www.actualidadadiario.com\/?p=126085"},"modified":"2025-03-18T10:44:51","modified_gmt":"2025-03-18T13:44:51","slug":"por-primera-vez-el-municipio-de-gualeguaychu-no-acompanara-las-actividades-del-24-de-marzo","status":"publish","type":"post","link":"https:\/\/www.actualidadadiario.com\/index.php\/2025\/03\/18\/por-primera-vez-el-municipio-de-gualeguaychu-no-acompanara-las-actividades-del-24-de-marzo\/","title":{"rendered":"Por primera vez el municipio de Gualeguaych\u00fa no acompa\u00f1ar\u00e1 las actividades del 24 de marzo"},"content":{"rendered":"<p style=\"text-align: center;\"><em><strong>En un giro hist\u00f3rico desde el regreso de la democracia, el Concejo Deliberante de esa localidad del sur entrerriano decidi\u00f3 no apoyar el acto en el marco de Verdad y Justicia<\/strong><\/em><\/p>\n<p>&nbsp;<\/p>\n<p>&nbsp;<\/p>\n<p>Los concejales de las tres fuerzas debatieron diferentes ordenanzas, resoluciones y declaraciones de inter\u00e9s. Las actividades programadas para el 24 de Marzo no contar\u00e1n con la declaraci\u00f3n de Inter\u00e9s Municipal, como cada a\u00f1o.<\/p>\n<p>Minutos antes de la sesi\u00f3n, la Viceintendenta Julieta Carrazza declar\u00f3 en una radio local que declarar\u00edan de inter\u00e9s municipal a la fiesta de San Patricio, y al D\u00eda de la Memoria. Luego, la declaraci\u00f3n por el 24 de Marzo se dar\u00eda de baja por la abstenci\u00f3n de los ediles.<\/p>\n<p>El proyecto fue presentado por el bloque M\u00e1s por Entre R\u00edos y buscaba declarar de Inter\u00e9s municipal el conjunto de charlas, talleres y actividades organizadas y previstas para el D\u00eda de la Memoria, la Verdad y la Justicia.<\/p>\n<p>Con la ausencia de la concejal Vanina Basald\u00faa, los dem\u00e1s concejales iniciaron una sesi\u00f3n que se convertir\u00eda en hist\u00f3rica, por el marcado cambio de postura en la ciudad.<\/p>\n<p>Desde el 2006 mediante la ley 26085, el 24 de Marzo se convirti\u00f3 en un d\u00eda no laborable, feriado e inamovible. Los concejales propusieron el acompa\u00f1amiento para mantener viva la Memoria y honrar a las v\u00edctimas de la \u00faltima Dictadura C\u00edvico Militar argentina.<\/p>\n<p>\u201cSe instal\u00f3 una pol\u00edtica de genocidio sistem\u00e1tico ejecutada desde los aparatos del Estado buscando con ello instalar un plan econ\u00f3mico pol\u00edtico y social donde la desaparici\u00f3n de persona fue necesaria para imponer un modelo de pa\u00eds contrario al de los Derechos Humanos\u201d, se ley\u00f3 en uno de los p\u00e1rrafos del proyecto.<\/p>\n<p>Inmediatamente a la lectura del proyecto, fue el concejal Jorge Roko (oficialismo) quien pidi\u00f3 un cuarto intermedio. Esta solicitud fue aceptada por la totalidad del cuerpo legislativo.<\/p>\n<p>Al retomar el debate, el concejal Juan Pablo Castillo (oficialismo), quien supo militar en el PJ y por los Derechos Humanos, opin\u00f3 que \u201ces una fecha muy sensible, pero como no est\u00e1 especificado cu\u00e1les son todas las actividades, me veo en la obligaci\u00f3n de abstenerme porque no tengo claridad de qu\u00e9 es lo que se va a hacer y me parece a m\u00ed que no corresponde que, por ejemplo, se le empiece a pegar al gobierno municipal, el gobierno al cual estoy muy orgulloso; no podr\u00eda votar algo que no s\u00e9 qu\u00e9 es lo que se va a tratar\u201d.<\/p>\n<p>Roko coincidi\u00f3 en que \u201cnadie desconoce la importancia de lo que representa el 24 de Marzo para todo el pa\u00eds. Yo creo que eso est\u00e1 fuera de discusi\u00f3n. Creo que la sociedad argentina, entiende la importancia de reivindicar todos los valores que tienen que ver con la Democracia. Personalmente me gustar\u00eda haber conocido todas las actividades vinculadas que se hacen de manera gen\u00e9rica en la solicitud, porque tampoco me gustar\u00eda, en lo personal, que una fecha emblem\u00e1tica para todos los ciudadanos del pa\u00eds se viese contaminada por alguna cuesti\u00f3n pol\u00edtico-partidaria\u201d.<\/p>\n<p>Los concejales del PJ propusieron un nuevo cuarto intermedio para poder acercar la lista de charlas y actividades que se realizar\u00e1n el pr\u00f3ximo 24, pero la negativa fue total: los concejales de La Libertad Avanza y los ediles oficialistas no aceptaron ver el cronograma de actividades que hac\u00eda minutos hab\u00edan pedido ver.<\/p>\n<p>Al momento de la votaci\u00f3n, los cuatro concejales del PJ, Emiliano Zapata, Mar\u00eda Sira Guisi, Delfina Herlax y Jorge Maradey, votaron por la afirmativa.<\/p>\n<p>En tanto, se abstuvieron Juan Pablo Castillo, Jorge Roko, Micaela Rodr\u00edguez, Maximiliano Lesik, Benito Bacigalupo y Mar\u00eda Jos\u00e9 Carro del oficialismo, junto a Marcelo Rodr\u00edguez y Mirta Sulzyk de LLA. De esta manera, el Municipio no declar\u00f3 de Inter\u00e9s a la marcha y las actividades del D\u00eda de la Memoria, es un giro hist\u00f3rico.<\/p>\n<p>&nbsp;<\/p>\n<p><strong>El repudio de Madres de Gualeguaych\u00fa<\/strong><\/p>\n<p>A trav\u00e9s de un comunicado, desde Madres de Plaza de Mayo Gualeguaych\u00fa expresaron su \u201cm\u00e1s en\u00e9rgico repudio a los concejales que por primera vez en la historia de nuestra ciudad impidieron que se declare de inter\u00e9s las actividades planificadas en el marco del D\u00eda Nacional de la Memoria, por la Verdad y la Justicia\u201d.<\/p>\n<p>Apuntaron que \u201ceste lunes 17 de marzo los concejales Juan Pablo Castillo, Jorge Roko, Micaela Rodr\u00edguez, Maximiliano Lesik, Benito Bacigalupo y Mar\u00eda Jos\u00e9 Carro del oficialismo, junto a Marcelo Rodr\u00edguez y Mirta Sulzyk de LLA, fueron los ocho que absteni\u00e9ndose en la votaci\u00f3n, impidieron que se declare de inter\u00e9s la hist\u00f3rica marcha por Memoria, Verdad y Justicia\u201d.<\/p>\n<p>Las Madres remarcaron que lo ediles, \u201ccoherentes con el gobierno represivo y negacionista de los cr\u00edmenes sufridos por nuestros familiares, los concejales comparten el mismo desprecio que el intendente por memoria de las v\u00edctimas del genocidio\u201d.<\/p>\n<p>Recordaron que la medida va \u201cen sinton\u00eda con el cierre y desmantelamiento del Museo de la Memoria Popular de Gualeguaych\u00fa Osvaldo Delmonte y del Mural de la Memoria, con los rostros de los desaparecidos de Gualeguaych\u00fa tapado por Davico, el Poder Legislativo municipal encabezado Julieta Carraza se suma a negar la Memoria, la Verdad y la Justicia\u201d.<\/p>\n<p>El comunicado cerr\u00f3 advirtiendo que \u201cuna vez m\u00e1s repetimos y lo seguiremos haciendo: Ni un paso atr\u00e1s\u201d.<\/p>\n","protected":false},"excerpt":{"rendered":"<p>En un giro hist\u00f3rico desde el regreso de la democracia, el Concejo Deliberante de esa localidad del sur entrerriano decidi\u00f3 no apoyar el acto en el marco de Verdad y Justicia &nbsp; &nbsp; Los concejales de las tres fuerzas debatieron diferentes ordenanzas, resoluciones y declaraciones de inter\u00e9s. Las actividades programadas para el 24 de Marzo no contar\u00e1n con la declaraci\u00f3n de Inter\u00e9s Municipal, como cada a\u00f1o. Minutos antes de la sesi\u00f3n, la Viceintendenta Julieta Carrazza declar\u00f3 en una radio local que declarar\u00edan de inter\u00e9s municipal a la fiesta de San&#8230;<\/p>\n","protected":false},"author":3,"featured_media":126086,"comment_status":"closed","ping_status":"closed","sticky":false,"template":"","format":"standard","meta":[],"categories":[9],"tags":[],"_links":{"self":[{"href":"https:\/\/www.actualidadadiario.com\/index.php\/wp-json\/wp\/v2\/posts\/126085"}],"collection":[{"href":"https:\/\/www.actualidadadiario.com\/index.php\/wp-json\/wp\/v2\/posts"}],"about":[{"href":"https:\/\/www.actualidadadiario.com\/index.php\/wp-json\/wp\/v2\/types\/post"}],"author":[{"embeddable":true,"href":"https:\/\/www.actualidadadiario.com\/index.php\/wp-json\/wp\/v2\/users\/3"}],"replies":[{"embeddable":true,"href":"https:\/\/www.actualidadadiario.com\/index.php\/wp-json\/wp\/v2\/comments?post=126085"}],"version-history":[{"count":1,"href":"https:\/\/www.actualidadadiario.com\/index.php\/wp-json\/wp\/v2\/posts\/126085\/revisions"}],"predecessor-version":[{"id":126087,"href":"https:\/\/www.actualidadadiario.com\/index.php\/wp-json\/wp\/v2\/posts\/126085\/revisions\/126087"}],"wp:featuredmedia":[{"embeddable":true,"href":"https:\/\/www.actualidadadiario.com\/index.php\/wp-json\/wp\/v2\/media\/126086"}],"wp:attachment":[{"href":"https:\/\/www.actualidadadiario.com\/index.php\/wp-json\/wp\/v2\/media?parent=126085"}],"wp:term":[{"taxonomy":"category","embeddable":true,"href":"https:\/\/www.actualidadadiario.com\/index.php\/wp-json\/wp\/v2\/categories?post=126085"},{"taxonomy":"post_tag","embeddable":true,"href":"https:\/\/www.actualidadadiario.com\/index.php\/wp-json\/wp\/v2\/tags?post=126085"}],"curies":[{"name":"wp","href":"https:\/\/api.w.org\/{rel}","templated":true}]}}