{"id":126082,"date":"2025-03-17T15:12:52","date_gmt":"2025-03-17T18:12:52","guid":{"rendered":"https:\/\/www.actualidadadiario.com\/?p=126082"},"modified":"2025-03-17T15:12:52","modified_gmt":"2025-03-17T18:12:52","slug":"abren-el-proceso-para-a-la-importacion-sin-aranceles-de-vehiculos-electricos-e-hibridos","status":"publish","type":"post","link":"https:\/\/www.actualidadadiario.com\/index.php\/2025\/03\/17\/abren-el-proceso-para-a-la-importacion-sin-aranceles-de-vehiculos-electricos-e-hibridos\/","title":{"rendered":"Abren el proceso para a la importaci\u00f3n sin aranceles de veh\u00edculos el\u00e9ctricos e h\u00edbridos"},"content":{"rendered":"<p style=\"text-align: center;\"><em><strong>El Gobierno nacional abri\u00f3 el proceso de solicitud para la importaci\u00f3n sin aranceles de veh\u00edculos el\u00e9ctricos e h\u00edbridos, con un cupo de 50.000 unidades para la primera etapa<\/strong><\/em><\/p>\n<p>&nbsp;<\/p>\n<p>&nbsp;<\/p>\n<p>Esta medida, dispuesta a trav\u00e9s del Decreto 49\/2025, permitir\u00e1 el ingreso con arancel cero durante el a\u00f1o 2025, buscando as\u00ed &#8220;alentar la competencia en el sector automotriz&#8221;.<\/p>\n<p>La Secretar\u00eda de Industria inform\u00f3 que las empresas interesadas en importar estos veh\u00edculos tendr\u00e1n un plazo de diez d\u00edas h\u00e1biles para obtener el permiso de importaci\u00f3n de manera completamente digital. La presentaci\u00f3n de solicitudes se realizar\u00e1 a trav\u00e9s de la plataforma TAD, seg\u00fan la Disposici\u00f3n 30\/2025 de la Subsecretar\u00eda de Pol\u00edtica Industrial.<\/p>\n<p>El decreto estableci\u00f3 un r\u00e9gimen de importaci\u00f3n con un Derecho de Importaci\u00f3n Extrazona (DIE) del 0%\u00a0 para veh\u00edculos el\u00e9ctricos e h\u00edbridos con un valor FOB de hasta US$ 16.000.<\/p>\n<p>Este r\u00e9gimen tendr\u00e1 una duraci\u00f3n de 5 a\u00f1os y la asignaci\u00f3n de los cupos es anual.<\/p>\n<p>Se distinguen dos categor\u00edas de destinatarios para la importaci\u00f3n: 25.000 veh\u00edculos para empresas terminales que fabrican veh\u00edculos en el pa\u00eds y otras 25.000 unidades para importadores que deseen comercializar veh\u00edculos con estas tecnolog\u00edas.<\/p>\n<p>Seg\u00fan las fuentes oficiales, este r\u00e9gimen &#8220;busca generar m\u00e1s competencia en el mercado automotor, promoviendo de esta manera la baja de precios y, al mismo tiempo, facilitar el acceso a veh\u00edculos con nuevas tecnolog\u00edas&#8221;. La asignaci\u00f3n de las cantidades m\u00e1ximas considerar\u00e1 el plazo de puesta en el mercado comprometido y el precio de venta al p\u00fablico declarado por los importadores.<\/p>\n","protected":false},"excerpt":{"rendered":"<p>El Gobierno nacional abri\u00f3 el proceso de solicitud para la importaci\u00f3n sin aranceles de veh\u00edculos el\u00e9ctricos e h\u00edbridos, con un cupo de 50.000 unidades para la primera etapa &nbsp; &nbsp; Esta medida, dispuesta a trav\u00e9s del Decreto 49\/2025, permitir\u00e1 el ingreso con arancel cero durante el a\u00f1o 2025, buscando as\u00ed &#8220;alentar la competencia en el sector automotriz&#8221;. La Secretar\u00eda de Industria inform\u00f3 que las empresas interesadas en importar estos veh\u00edculos tendr\u00e1n un plazo de diez d\u00edas h\u00e1biles para obtener el permiso de importaci\u00f3n de manera completamente digital. La presentaci\u00f3n de&#8230;<\/p>\n","protected":false},"author":3,"featured_media":125623,"comment_status":"closed","ping_status":"closed","sticky":false,"template":"","format":"standard","meta":[],"categories":[2],"tags":[],"_links":{"self":[{"href":"https:\/\/www.actualidadadiario.com\/index.php\/wp-json\/wp\/v2\/posts\/126082"}],"collection":[{"href":"https:\/\/www.actualidadadiario.com\/index.php\/wp-json\/wp\/v2\/posts"}],"about":[{"href":"https:\/\/www.actualidadadiario.com\/index.php\/wp-json\/wp\/v2\/types\/post"}],"author":[{"embeddable":true,"href":"https:\/\/www.actualidadadiario.com\/index.php\/wp-json\/wp\/v2\/users\/3"}],"replies":[{"embeddable":true,"href":"https:\/\/www.actualidadadiario.com\/index.php\/wp-json\/wp\/v2\/comments?post=126082"}],"version-history":[{"count":1,"href":"https:\/\/www.actualidadadiario.com\/index.php\/wp-json\/wp\/v2\/posts\/126082\/revisions"}],"predecessor-version":[{"id":126083,"href":"https:\/\/www.actualidadadiario.com\/index.php\/wp-json\/wp\/v2\/posts\/126082\/revisions\/126083"}],"wp:featuredmedia":[{"embeddable":true,"href":"https:\/\/www.actualidadadiario.com\/index.php\/wp-json\/wp\/v2\/media\/125623"}],"wp:attachment":[{"href":"https:\/\/www.actualidadadiario.com\/index.php\/wp-json\/wp\/v2\/media?parent=126082"}],"wp:term":[{"taxonomy":"category","embeddable":true,"href":"https:\/\/www.actualidadadiario.com\/index.php\/wp-json\/wp\/v2\/categories?post=126082"},{"taxonomy":"post_tag","embeddable":true,"href":"https:\/\/www.actualidadadiario.com\/index.php\/wp-json\/wp\/v2\/tags?post=126082"}],"curies":[{"name":"wp","href":"https:\/\/api.w.org\/{rel}","templated":true}]}}