{"id":126080,"date":"2025-03-17T15:12:11","date_gmt":"2025-03-17T18:12:11","guid":{"rendered":"https:\/\/www.actualidadadiario.com\/?p=126080"},"modified":"2025-03-17T15:12:11","modified_gmt":"2025-03-17T18:12:11","slug":"las-universidades-nacionales-iniciaron-un-paro-de-48-horas","status":"publish","type":"post","link":"https:\/\/www.actualidadadiario.com\/index.php\/2025\/03\/17\/las-universidades-nacionales-iniciaron-un-paro-de-48-horas\/","title":{"rendered":"Las universidades nacionales iniciaron un paro de 48 horas"},"content":{"rendered":"<p style=\"text-align: center;\"><em><strong>La medida fue determinada por el Frente Sindical Universitario, que re\u00fane a las federaciones de docentes y no docentes de las universidades nacionales, que ratific\u00f3 el plan de lucha con paro nacional este lunes 17 y martes 18 de marzo, y movilizaci\u00f3n junto a jubilados el mi\u00e9rcoles 19<\/strong><\/em><\/p>\n<p>&nbsp;<\/p>\n<p>&nbsp;<\/p>\n<p>El anuncio se hizo en conferencia de prensa realizado el jueves pasado en la sede de la Federaci\u00f3n Nacional de Docentes Universitarios (Conadu). All\u00ed se informaron los motivos y alcances del paro del 17 y 18 de marzo, que se enmarca en un plan de lucha para hacer frente a la crisis del sistema universitario generada por el ajuste del gobierno de Javier Milei.<\/p>\n<p>\u201cTodos los sindicatos que componen la representaci\u00f3n gremial de las universidades p\u00fablicas estamos en esta conferencia que acontece en un contexto signado por la violencia institucional. Por eso, no podemos dejar de manifestar nuestra solidaridad con aquellos que fueron v\u00edctimas de la represi\u00f3n\u201d, destac\u00f3 Federico Montero, Secretario de Organizaci\u00f3n de Conadu.<\/p>\n<p>Luego, Montero comparti\u00f3 detalles del contexto y del riesgo que atraviesa el funcionamiento b\u00e1sico de las universidades: \u201cNo tenemos presupuesto universitario por una decisi\u00f3n pol\u00edtica del Gobierno Nacional de no debatirlo en el Congreso. Esto significa que se manejan con una pr\u00f3rroga del presupuesto del a\u00f1o anterior, lo cual no solamente implica consolidar la p\u00e9rdida presupuestaria y salarial que ten\u00edamos sino la completa arbitrariedad en el manejo de los fondos p\u00fablicos, dando lugar a la extorsi\u00f3n por parte del Gobierno respecto de qui\u00e9nes reciben y qui\u00e9nes no. Esto se suma a una serie de medidas que son parte de un gigantesco proceso de transferencia de ingresos de los sectores populares hacia el capital concentrado del pa\u00eds. Que, en consonancia con el anuncio de un acuerdo con el FMI en los d\u00edas pasados, reafirma una mayor dependencia y la aceptaci\u00f3n de ciertas condicionalidades. Sabemos, por ejemplo, que est\u00e1 en la mira el sistema de jubilaciones en la Argentina\u201d.<\/p>\n<p>En l\u00ednea se manifest\u00f3 Francisca \u201cPaquita\u201d Staiti, Secretaria General de la Conadu Hist\u00f3rica: \u201cPlanteamos un Plan de Lucha que tiene que ver con nuestros salarios, con el presupuesto universitario, con las condiciones de trabajo de nuestros compa\u00f1eros y compa\u00f1eras frente a una nueva entrega, un nuevo saqueo como es el avance sobre la firma de un nuevo tratado con el Fondo Monetario Internacional. Un acuerdo con el Fondo que va a traer mayor p\u00e9rdida salarial, mayor precariedad, mayor p\u00e9rdida de puestos de trabajo, reforma laboral y una profundizaci\u00f3n todav\u00eda m\u00e1s grande de la reforma jubilatoria\u201d.<\/p>\n<p>A su turno, tom\u00f3 la palabra Walter Merkins, de Fatun: \u201cLas trabajadoras y trabajadores no docentes de las universidades nacionales hemos estado siempre apoyando y sosteniendo la educaci\u00f3n p\u00fablica; la universidad p\u00fablica, gratuita, co-gobernada y de excelencia, donde se desarrolla la mayor parte de nuestra ciencia y de nuestra t\u00e9cnica a nivel profesional, y que indudablemente necesitamos sostener para tener un pa\u00eds con la posibilidad de ejercer justicia social que es la mejor manera de habitar nuestro territorio\u201d.<\/p>\n<p>Daniel Ricci, de Fedun, puso el foco en la importancia de defender la democracia: \u201cHay cosas que no se pueden repetir porque ya vimos lo que pasa. Cuando se fue De la R\u00faa tuvimos que lamentar muertos en un pa\u00eds que explot\u00f3, y la verdad es que no queremos eso de nuevo. Porque los muertos son siempre del lado del pueblo. As\u00ed que me parece que tenemos que estar en la calle, cuidando m\u00e1s que nunca nuestra democracia. El 17 y 18 haremos paro, seguramente habr\u00e1 una nueva convocatoria de los jubilados, de los compa\u00f1eros y compa\u00f1eras de Vialidad\u2026 y la obligaci\u00f3n que tenemos es participar en todas esas luchas, estar en la calle como lo venimos haciendo desde hace a\u00f1os. Especialmente este 2025, que es un a\u00f1o profundamente pol\u00edtico, hay que derrotar en las elecciones al gobierno de Milei\u201d.<\/p>\n<p>Desde UDA, Luis Condori tambi\u00e9n hizo referencia al escenario electoral: \u201cCreo que tenemos que seguir militando con los compa\u00f1eros, con los ciudadanos de cada uno de los rincones para concientizar en la importancia del voto. Es una tarea larga, ardua, pero no hay que dejar de intentarlo\u201d.<\/p>\n<p>Norberto Heyaca, de Fagdut, dio cuenta de la relaci\u00f3n entre la p\u00e9rdida salarial de la comunidad docente universitaria y la salud: \u201cDurante el gobierno libertario hemos perdido cuatro sueldos frente a la inflaci\u00f3n. Y esos cuatro sueldos tambi\u00e9n los perdieron nuestras obras sociales. Por eso tenemos serios problemas en las universidades para sostener la salud de los docentes y no docentes. Nuestras obras sociales han tenido que cortar convenios, que restringir prestaciones. No solo nos est\u00e1n haciendo pasar hambre, adem\u00e1s nos est\u00e1n afectando la salud\u201d.<\/p>\n<p>Para cerrar habl\u00f3 Marcelo Creta, de Ctera: \u201cLa pol\u00edtica que est\u00e1 llevando adelante este Gobierno no solamente es un ajuste salvaje sobre los trabajadores y los que menos tienen, sino un Estado fascista que anula todas las condiciones del Estado de Derecho. Y la pol\u00edtica de ajuste no cierra si no es con represi\u00f3n salvaje. Porque los trabajadores, los jubilados y la sociedad en general no est\u00e1 dispuesta a perder el Estado de Derecho. Esos derechos y una justicia social que los libertarios entienden como privilegios. Y como son fascistas se creen con derecho a reprimirnos, a pegarnos en la calle, y a denostar cualquiera actividad que hacemos a trav\u00e9s de su aparato de propaganda permanente\u201d.<\/p>\n","protected":false},"excerpt":{"rendered":"<p>La medida fue determinada por el Frente Sindical Universitario, que re\u00fane a las federaciones de docentes y no docentes de las universidades nacionales, que ratific\u00f3 el plan de lucha con paro nacional este lunes 17 y martes 18 de marzo, y movilizaci\u00f3n junto a jubilados el mi\u00e9rcoles 19 &nbsp; &nbsp; El anuncio se hizo en conferencia de prensa realizado el jueves pasado en la sede de la Federaci\u00f3n Nacional de Docentes Universitarios (Conadu). All\u00ed se informaron los motivos y alcances del paro del 17 y 18 de marzo, que se&#8230;<\/p>\n","protected":false},"author":3,"featured_media":120772,"comment_status":"closed","ping_status":"closed","sticky":false,"template":"","format":"standard","meta":[],"categories":[2],"tags":[],"_links":{"self":[{"href":"https:\/\/www.actualidadadiario.com\/index.php\/wp-json\/wp\/v2\/posts\/126080"}],"collection":[{"href":"https:\/\/www.actualidadadiario.com\/index.php\/wp-json\/wp\/v2\/posts"}],"about":[{"href":"https:\/\/www.actualidadadiario.com\/index.php\/wp-json\/wp\/v2\/types\/post"}],"author":[{"embeddable":true,"href":"https:\/\/www.actualidadadiario.com\/index.php\/wp-json\/wp\/v2\/users\/3"}],"replies":[{"embeddable":true,"href":"https:\/\/www.actualidadadiario.com\/index.php\/wp-json\/wp\/v2\/comments?post=126080"}],"version-history":[{"count":1,"href":"https:\/\/www.actualidadadiario.com\/index.php\/wp-json\/wp\/v2\/posts\/126080\/revisions"}],"predecessor-version":[{"id":126081,"href":"https:\/\/www.actualidadadiario.com\/index.php\/wp-json\/wp\/v2\/posts\/126080\/revisions\/126081"}],"wp:featuredmedia":[{"embeddable":true,"href":"https:\/\/www.actualidadadiario.com\/index.php\/wp-json\/wp\/v2\/media\/120772"}],"wp:attachment":[{"href":"https:\/\/www.actualidadadiario.com\/index.php\/wp-json\/wp\/v2\/media?parent=126080"}],"wp:term":[{"taxonomy":"category","embeddable":true,"href":"https:\/\/www.actualidadadiario.com\/index.php\/wp-json\/wp\/v2\/categories?post=126080"},{"taxonomy":"post_tag","embeddable":true,"href":"https:\/\/www.actualidadadiario.com\/index.php\/wp-json\/wp\/v2\/tags?post=126080"}],"curies":[{"name":"wp","href":"https:\/\/api.w.org\/{rel}","templated":true}]}}