{"id":126064,"date":"2025-03-17T12:44:34","date_gmt":"2025-03-17T15:44:34","guid":{"rendered":"https:\/\/www.actualidadadiario.com\/?p=126064"},"modified":"2025-03-17T12:44:34","modified_gmt":"2025-03-17T15:44:34","slug":"cafesg-tendra-a-su-cargo-la-nueva-unidad-de-gestion-tecnica-para-impulsar-el-desarrollo-economico-regional","status":"publish","type":"post","link":"https:\/\/www.actualidadadiario.com\/index.php\/2025\/03\/17\/cafesg-tendra-a-su-cargo-la-nueva-unidad-de-gestion-tecnica-para-impulsar-el-desarrollo-economico-regional\/","title":{"rendered":"Cafesg tendr\u00e1 a su cargo la nueva Unidad de Gesti\u00f3n T\u00e9cnica para impulsar el desarrollo econ\u00f3mico regional"},"content":{"rendered":"<p style=\"text-align: center;\"><em><strong>A partir de la firma de un convenio entre el Consejo Federal de Inversiones (CFI) y la provincia de Entre R\u00edos para brindar herramientas financieras destinadas a fortalecer el desarrollo productivo de Entre R\u00edos, se cre\u00f3 la Unidad de Gesti\u00f3n T\u00e9cnica en Concordia que estar\u00e1 a cargo de Cafesg bajo la \u00f3rbita de la Secretar\u00eda General de la Gobernaci\u00f3n<\/strong><\/em><\/p>\n<p>&nbsp;<\/p>\n<p>&nbsp;<\/p>\n<p>Esta unidad tiene como objetivo principal acercar las l\u00edneas de financiamiento del CFI a productores y pymes del \u00e1rea de cobertura de la Cafesg, facilitando el acceso a cr\u00e9ditos con tasas de inter\u00e9s diferenciales y competitivas. En tal sentido, el CFI ya financi\u00f3 cr\u00e9ditos por m\u00e1s de 8.000 millones de pesos a la provincia.<\/p>\n<p>En relaci\u00f3n a la creaci\u00f3n de la Unidad de Gesti\u00f3n T\u00e9cnica, el secretario general de la Gobernaci\u00f3n, Mauricio Colello, destac\u00f3: &#8220;Queremos que los emprendedores y empresarios sigan apostando a nuestra provincia y por eso impulsamos pol\u00edticas p\u00fablicas y herramientas que allanan su camino. En Entre R\u00edos el Estado es un aliado de quienes apuestan y generan empleo porque entendemos que el desarrollo genuino para todas nuestras comunidades se logra si estamos juntos tirando para el mismo lado&#8221;.<\/p>\n<p>Por su parte, el presidente de Cafesg, Carlos Cecco, subray\u00f3 que &#8220;La creaci\u00f3n de esta Unidad de Gesti\u00f3n T\u00e9cnica es un paso fundamental para la implementaci\u00f3n de pol\u00edticas de apoyo al sector productivo y llevar las herramientas financieras a cada rinc\u00f3n de nuestra regi\u00f3n&#8221;. Mencion\u00f3 adem\u00e1s que &#8220;En Cafesg, estamos comprometidos con el desarrollo econ\u00f3mico de nuestra gente, y este convenio nos permite fortalecer ese compromiso&#8221;.<\/p>\n<p>La Unidad de Gesti\u00f3n T\u00e9cnica tendr\u00e1 a su cargo varias funciones: difusi\u00f3n y promoci\u00f3n de las l\u00edneas de cr\u00e9dito vigentes; asesoramiento personalizado a productores y pymes en la gesti\u00f3n de cr\u00e9ditos y el registro y seguimiento de los proyectos presentados. Esta Unidad contar\u00e1 con el acompa\u00f1amiento de la Unidad Operadora Provincial del CFI y del Fondo de Garant\u00edas de Entre R\u00edos (Fogaer), garantizando un asesoramiento integral y de calidad.<\/p>\n<p>Este convenio se enmarca en la pol\u00edtica del Gobierno Provincial de impulsar el desarrollo productivo a trav\u00e9s del acceso al financiamiento, y representa una oportunidad \u00fanica para que los productores y pymes de la regi\u00f3n puedan concretar sus proyectos y generar empleo.<\/p>\n","protected":false},"excerpt":{"rendered":"<p>A partir de la firma de un convenio entre el Consejo Federal de Inversiones (CFI) y la provincia de Entre R\u00edos para brindar herramientas financieras destinadas a fortalecer el desarrollo productivo de Entre R\u00edos, se cre\u00f3 la Unidad de Gesti\u00f3n T\u00e9cnica en Concordia que estar\u00e1 a cargo de Cafesg bajo la \u00f3rbita de la Secretar\u00eda General de la Gobernaci\u00f3n &nbsp; &nbsp; Esta unidad tiene como objetivo principal acercar las l\u00edneas de financiamiento del CFI a productores y pymes del \u00e1rea de cobertura de la Cafesg, facilitando el acceso a cr\u00e9ditos&#8230;<\/p>\n","protected":false},"author":3,"featured_media":126065,"comment_status":"closed","ping_status":"closed","sticky":false,"template":"","format":"standard","meta":[],"categories":[9],"tags":[],"_links":{"self":[{"href":"https:\/\/www.actualidadadiario.com\/index.php\/wp-json\/wp\/v2\/posts\/126064"}],"collection":[{"href":"https:\/\/www.actualidadadiario.com\/index.php\/wp-json\/wp\/v2\/posts"}],"about":[{"href":"https:\/\/www.actualidadadiario.com\/index.php\/wp-json\/wp\/v2\/types\/post"}],"author":[{"embeddable":true,"href":"https:\/\/www.actualidadadiario.com\/index.php\/wp-json\/wp\/v2\/users\/3"}],"replies":[{"embeddable":true,"href":"https:\/\/www.actualidadadiario.com\/index.php\/wp-json\/wp\/v2\/comments?post=126064"}],"version-history":[{"count":1,"href":"https:\/\/www.actualidadadiario.com\/index.php\/wp-json\/wp\/v2\/posts\/126064\/revisions"}],"predecessor-version":[{"id":126066,"href":"https:\/\/www.actualidadadiario.com\/index.php\/wp-json\/wp\/v2\/posts\/126064\/revisions\/126066"}],"wp:featuredmedia":[{"embeddable":true,"href":"https:\/\/www.actualidadadiario.com\/index.php\/wp-json\/wp\/v2\/media\/126065"}],"wp:attachment":[{"href":"https:\/\/www.actualidadadiario.com\/index.php\/wp-json\/wp\/v2\/media?parent=126064"}],"wp:term":[{"taxonomy":"category","embeddable":true,"href":"https:\/\/www.actualidadadiario.com\/index.php\/wp-json\/wp\/v2\/categories?post=126064"},{"taxonomy":"post_tag","embeddable":true,"href":"https:\/\/www.actualidadadiario.com\/index.php\/wp-json\/wp\/v2\/tags?post=126064"}],"curies":[{"name":"wp","href":"https:\/\/api.w.org\/{rel}","templated":true}]}}