{"id":126062,"date":"2025-03-17T10:30:20","date_gmt":"2025-03-17T13:30:20","guid":{"rendered":"https:\/\/www.actualidadadiario.com\/?p=126062"},"modified":"2025-03-17T12:42:07","modified_gmt":"2025-03-17T15:42:07","slug":"confirmaron-un-caso-de-dengue-que-seria-importado-en-chajari","status":"publish","type":"post","link":"https:\/\/www.actualidadadiario.com\/index.php\/2025\/03\/17\/confirmaron-un-caso-de-dengue-que-seria-importado-en-chajari\/","title":{"rendered":"Confirmaron un caso de dengue que ser\u00eda &#8220;importado&#8221; en Chajar\u00ed"},"content":{"rendered":"<p style=\"text-align: center;\"><em><strong>En la ma\u00f1ana de este lunes, el hospital \u201cSanta Rosa\u201d inform\u00f3 sobre la confirmaci\u00f3n de un caso positivo de dengue en la ciudad de Chajar\u00ed, detectado mediante an\u00e1lisis de laboratorio<\/strong><\/em><\/p>\n<p>&nbsp;<\/p>\n<p>&nbsp;<\/p>\n<p>Se trata de un paciente masculino, menor de edad, quien se encuentra en buen estado de salud. Seg\u00fan la investigaci\u00f3n epidemiol\u00f3gica, se tratar\u00eda de un caso importado, ya que la persona cuenta con antecedentes de viaje.<\/p>\n<p>Se realizaron las acciones de bloqueo en los barrios La Tablada y San Jos\u00e9 Obrero, con tareas de descacharrizado y fumigaci\u00f3n, y agentes sanitarios se encuentran abocados a la b\u00fasqueda de personas con s\u00edntomas febriles. Asimismo, la Direcci\u00f3n de Epidemiolog\u00eda del Ministerio de Salud ha sido notificada.<\/p>\n<p>En el \u00e1mbito local, hay otras muestras que est\u00e1n en estudio para determinar si corresponden a la enfermedad, pero vale aclarar que ninguna persona relacionada con este caso confirmado present\u00f3 s\u00edntomas.<\/p>\n","protected":false},"excerpt":{"rendered":"<p>En la ma\u00f1ana de este lunes, el hospital \u201cSanta Rosa\u201d inform\u00f3 sobre la confirmaci\u00f3n de un caso positivo de dengue en la ciudad de Chajar\u00ed, detectado mediante an\u00e1lisis de laboratorio &nbsp; &nbsp; Se trata de un paciente masculino, menor de edad, quien se encuentra en buen estado de salud. Seg\u00fan la investigaci\u00f3n epidemiol\u00f3gica, se tratar\u00eda de un caso importado, ya que la persona cuenta con antecedentes de viaje. Se realizaron las acciones de bloqueo en los barrios La Tablada y San Jos\u00e9 Obrero, con tareas de descacharrizado y fumigaci\u00f3n, y&#8230;<\/p>\n","protected":false},"author":3,"featured_media":123860,"comment_status":"closed","ping_status":"closed","sticky":false,"template":"","format":"standard","meta":[],"categories":[15],"tags":[],"_links":{"self":[{"href":"https:\/\/www.actualidadadiario.com\/index.php\/wp-json\/wp\/v2\/posts\/126062"}],"collection":[{"href":"https:\/\/www.actualidadadiario.com\/index.php\/wp-json\/wp\/v2\/posts"}],"about":[{"href":"https:\/\/www.actualidadadiario.com\/index.php\/wp-json\/wp\/v2\/types\/post"}],"author":[{"embeddable":true,"href":"https:\/\/www.actualidadadiario.com\/index.php\/wp-json\/wp\/v2\/users\/3"}],"replies":[{"embeddable":true,"href":"https:\/\/www.actualidadadiario.com\/index.php\/wp-json\/wp\/v2\/comments?post=126062"}],"version-history":[{"count":1,"href":"https:\/\/www.actualidadadiario.com\/index.php\/wp-json\/wp\/v2\/posts\/126062\/revisions"}],"predecessor-version":[{"id":126063,"href":"https:\/\/www.actualidadadiario.com\/index.php\/wp-json\/wp\/v2\/posts\/126062\/revisions\/126063"}],"wp:featuredmedia":[{"embeddable":true,"href":"https:\/\/www.actualidadadiario.com\/index.php\/wp-json\/wp\/v2\/media\/123860"}],"wp:attachment":[{"href":"https:\/\/www.actualidadadiario.com\/index.php\/wp-json\/wp\/v2\/media?parent=126062"}],"wp:term":[{"taxonomy":"category","embeddable":true,"href":"https:\/\/www.actualidadadiario.com\/index.php\/wp-json\/wp\/v2\/categories?post=126062"},{"taxonomy":"post_tag","embeddable":true,"href":"https:\/\/www.actualidadadiario.com\/index.php\/wp-json\/wp\/v2\/tags?post=126062"}],"curies":[{"name":"wp","href":"https:\/\/api.w.org\/{rel}","templated":true}]}}