{"id":126058,"date":"2025-03-17T10:28:04","date_gmt":"2025-03-17T13:28:04","guid":{"rendered":"https:\/\/www.actualidadadiario.com\/?p=126058"},"modified":"2025-03-17T12:40:54","modified_gmt":"2025-03-17T15:40:54","slug":"paro-universitario-la-situacion-tiende-a-agravarse-dijo-el-rector-de-la-uner","status":"publish","type":"post","link":"https:\/\/www.actualidadadiario.com\/index.php\/2025\/03\/17\/paro-universitario-la-situacion-tiende-a-agravarse-dijo-el-rector-de-la-uner\/","title":{"rendered":"Paro universitario: \u201cLa situaci\u00f3n tiende a agravarse\u201d, dijo el rector de la UNER"},"content":{"rendered":"<p style=\"text-align: center;\"><em><strong>Las universidades nacionales iniciaron este lunes el ciclo lectivo 2025 con paro de 48 horas por reclamos salariales y presupuestarios. El impacto en Entre R\u00edos<\/strong><\/em><\/p>\n<p>&nbsp;<\/p>\n<p>&nbsp;<\/p>\n<p>Las universidades nacionales de todo el pa\u00eds, incluida la de Entre R\u00edos, no inician las clases este lunes como deber\u00edan por calendario acad\u00e9mico, debido al paro de 48 horas dispuesto hasta este martes por los sindicatos de docentes y de trabajadores administrativos y de servicios. El reclamo es por aumentos de salarios y de presupuesto.<\/p>\n<p>El rector de la UNER, Andr\u00e9s Sabella, explic\u00f3 que el sistema universitario argentino \u201cva a atravesar un a\u00f1o muy complicado, en principio porque Argentina no tiene presupuesto 2025, lo que pone a las instituciones p\u00fablicas en incertidumbre sobre sus posibilidades econ\u00f3micas y financieras\u201d.<\/p>\n<p>El rector advirti\u00f3 que el salario de los trabajadores docentes y no docentes universitarios perdi\u00f3 35% de poder adquisitivo en 2024 y que los aumentos salariales de este a\u00f1o \u201ctambi\u00e9n est\u00e1n por debajo de los \u00edndices inflacionarios\u201d.<\/p>\n<p>Asimismo, ratific\u00f3 el comunicado del Consejo Interuniversitario Nacional (CIN), donde concluyen los rectores de todas las universidades del pa\u00eds, que con el t\u00edtulo \u201cNuevo a\u00f1o, los mismos problemas\u201d cuestion\u00f3 que el desfinanciamiento del gobierno nacional sigue afectando \u201cbecas, problemas de infraestructura y dificultades del sistema cient\u00edfico tecnol\u00f3gico\u201d son los mismos\u201d. Adem\u00e1s de la insuficiencia salarial ya mencionada.<\/p>\n<p>Sabella destac\u00f3 que en 2025 la UNER recibi\u00f3 a 6.500 ingresantes, cifra similar al a\u00f1o pasado, de la cual \u201cel 90% son de Entre R\u00edos\u201d, valor\u00f3. \u201cLa educaci\u00f3n sigue siendo el mejor camino para el ascenso social, para tener puestos laborales dignos y desarrollarse como personas\u201d, cerr\u00f3 el rector.<\/p>\n<p>El paro de este jueves afecta a las sedes de la Universidad en Paran\u00e1 y Oro Verde, Concordia, Concepci\u00f3n del Uruguay, Gualeguaych\u00fa y Villaguay.<\/p>\n<p>Por su parte, Diego Zanetti, docente de la Facultad de Bromatolog\u00eda, insisti\u00f3: \u201cEstamos padeciendo otra vez el impacto del desfinanciamiento del gobierno nacional contra las universidades, el recorte de financiamiento super\u00f3 ampliamente el 150%\u201d.<\/p>\n<p>\u201cEstamos trabajando con un presupuesto reconducido desde el 2023. Las partidas se asignan mes a mes, a dedo\u201d, concluy\u00f3.<\/p>\n","protected":false},"excerpt":{"rendered":"<p>Las universidades nacionales iniciaron este lunes el ciclo lectivo 2025 con paro de 48 horas por reclamos salariales y presupuestarios. El impacto en Entre R\u00edos &nbsp; &nbsp; Las universidades nacionales de todo el pa\u00eds, incluida la de Entre R\u00edos, no inician las clases este lunes como deber\u00edan por calendario acad\u00e9mico, debido al paro de 48 horas dispuesto hasta este martes por los sindicatos de docentes y de trabajadores administrativos y de servicios. El reclamo es por aumentos de salarios y de presupuesto. El rector de la UNER, Andr\u00e9s Sabella, explic\u00f3&#8230;<\/p>\n","protected":false},"author":3,"featured_media":30686,"comment_status":"closed","ping_status":"closed","sticky":false,"template":"","format":"standard","meta":[],"categories":[15],"tags":[],"_links":{"self":[{"href":"https:\/\/www.actualidadadiario.com\/index.php\/wp-json\/wp\/v2\/posts\/126058"}],"collection":[{"href":"https:\/\/www.actualidadadiario.com\/index.php\/wp-json\/wp\/v2\/posts"}],"about":[{"href":"https:\/\/www.actualidadadiario.com\/index.php\/wp-json\/wp\/v2\/types\/post"}],"author":[{"embeddable":true,"href":"https:\/\/www.actualidadadiario.com\/index.php\/wp-json\/wp\/v2\/users\/3"}],"replies":[{"embeddable":true,"href":"https:\/\/www.actualidadadiario.com\/index.php\/wp-json\/wp\/v2\/comments?post=126058"}],"version-history":[{"count":3,"href":"https:\/\/www.actualidadadiario.com\/index.php\/wp-json\/wp\/v2\/posts\/126058\/revisions"}],"predecessor-version":[{"id":126061,"href":"https:\/\/www.actualidadadiario.com\/index.php\/wp-json\/wp\/v2\/posts\/126058\/revisions\/126061"}],"wp:featuredmedia":[{"embeddable":true,"href":"https:\/\/www.actualidadadiario.com\/index.php\/wp-json\/wp\/v2\/media\/30686"}],"wp:attachment":[{"href":"https:\/\/www.actualidadadiario.com\/index.php\/wp-json\/wp\/v2\/media?parent=126058"}],"wp:term":[{"taxonomy":"category","embeddable":true,"href":"https:\/\/www.actualidadadiario.com\/index.php\/wp-json\/wp\/v2\/categories?post=126058"},{"taxonomy":"post_tag","embeddable":true,"href":"https:\/\/www.actualidadadiario.com\/index.php\/wp-json\/wp\/v2\/tags?post=126058"}],"curies":[{"name":"wp","href":"https:\/\/api.w.org\/{rel}","templated":true}]}}