{"id":126056,"date":"2025-03-17T10:33:06","date_gmt":"2025-03-17T13:33:06","guid":{"rendered":"https:\/\/www.actualidadadiario.com\/?p=126056"},"modified":"2025-03-17T10:28:18","modified_gmt":"2025-03-17T13:28:18","slug":"el-senado-debatira-la-creacion-de-la-agencia-administradora-de-inmuebles-en-entre-rios","status":"publish","type":"post","link":"https:\/\/www.actualidadadiario.com\/index.php\/2025\/03\/17\/el-senado-debatira-la-creacion-de-la-agencia-administradora-de-inmuebles-en-entre-rios\/","title":{"rendered":"El Senado debatir\u00e1 la creaci\u00f3n de la Agencia Administradora de Inmuebles en Entre R\u00edos"},"content":{"rendered":"<p style=\"text-align: center;\"><em><strong>Este martes la Comisi\u00f3n de Legislaci\u00f3n General de la C\u00e1mara de Senadores se reunir\u00e1 con el fin de tratar el proyecto de ley que crea la Agencia de Administraci\u00f3n de Bienes Inmuebles de Entre R\u00edos (Aabier). El fin es sanear y relevar todos los bienes inmuebles que el Gobierno de Entre R\u00edos tiene bajo su dominio. La iniciativa ya tiene media sanci\u00f3n de la C\u00e1mara de Diputados<\/strong><\/em><\/p>\n<p>&nbsp;<\/p>\n<p>&nbsp;<\/p>\n<p>La Comisi\u00f3n de Legislaci\u00f3n General, que preside el senador Jaime Benedetti, se reunir\u00e1 el martes a las 11 para abordar varios proyectos de ley.<\/p>\n<p>Una de las iniciativas es la creaci\u00f3n de la Agencia Administradora de Bienes Inmuebles de la provincia de Entre R\u00edos, un organismo descentralizado en el \u00e1mbito de la Secretar\u00eda General de la Gobernaci\u00f3n, que tendr\u00e1 autarqu\u00eda econ\u00f3mica financiera y capacidad de actuar en el \u00e1mbito del derecho p\u00fablico y privado.<\/p>\n<p>Mat\u00edas Plugoboy, coordinador de Asuntos Legales Estrat\u00e9gicos de la Gobernaci\u00f3n, explic\u00f3 en qu\u00e9 consiste el proyecto del Poder Ejecutivo que establece la creaci\u00f3n de una Agencia Administradora de Bienes Inmuebles de Entre R\u00edos y dio detalles sobre su funcionamiento: &#8220;Por un lado, se har\u00e1 un relevamiento de todos los inmuebles para establecer el real estado de situaci\u00f3n. Luego de realizado esto, la agencia deber\u00e1 establecer pol\u00edticas de administraci\u00f3n para optimizar el uso de los espacios y poder analizar tambi\u00e9n la posibilidad de darle una mejor utilidad a algunos espacios que puedan estar ociosos. Para resolver todas estas cuestiones es conveniente la aprobaci\u00f3n de esta ley\u201d.<\/p>\n<p>El proyecto fue aprobado en diciembre por la C\u00e1mara de Diputados y tuvo el rechazo del bloque justicialista y de los libertarios.<\/p>\n<p>&nbsp;<\/p>\n<p><strong>Otros proyectos<\/strong><\/p>\n<p>La Comisi\u00f3n de Legislaci\u00f3n tambi\u00e9n analizar\u00e1 otras iniciativas:<\/p>\n<ul>\n<li><strong>Expediente N\u00b0 14.672:<\/strong> Proyecto de Ley por el que se modifica el Art\u00edculo 1\u00ba de la Ley N\u00b0 9.754 y sus modificatorias &#8211; C\u00f3digo Procesal Penal de la Provincia de Entre R\u00edos.<\/li>\n<li><strong>Expediente N\u00b0 15.199:<\/strong> Proyecto de Ley por el que se autoriza al Superior Gobierno de la Provincia de Entre R\u00edos, a transferir a t\u00edtulo gratuito a la Municipalidad de El Pingo, un inmueble de su propiedad para ser afectado a sede del Municipio.<\/li>\n<li><strong>Expediente N\u00b0 15.092:<\/strong> Proyecto de Ley por el que se reglamenta lo establecido por el articulo N\u00b0 117 de la Constituci\u00f3n Provincial, promoviendo y garantizando la efectiva respuesta por parte del Poder Ejecutivo a los requerimientos que cualquiera de las C\u00e1maras Legislativas realice en marco del articulo antes mencionado.<\/li>\n<li><strong>Expediente N\u00b0 26.859:<\/strong> Proyecto de Ley por el que se declara al 13 de marzo de cada a\u00f1o como &#8220;El d\u00eda del Federalismo Entrerriano&#8221; en todo el territorio de la Provincia.<\/li>\n<li><strong>Expediente N\u00b0 15.197:<\/strong> Proyecto de Ley por el que se autoriza al Superior Gobierno de la Provincia a transferir a t\u00edtulo de donaci\u00f3n inmueble a favor de la Comuna de Colonia Ensayo.<\/li>\n<\/ul>\n","protected":false},"excerpt":{"rendered":"<p>Este martes la Comisi\u00f3n de Legislaci\u00f3n General de la C\u00e1mara de Senadores se reunir\u00e1 con el fin de tratar el proyecto de ley que crea la Agencia de Administraci\u00f3n de Bienes Inmuebles de Entre R\u00edos (Aabier). El fin es sanear y relevar todos los bienes inmuebles que el Gobierno de Entre R\u00edos tiene bajo su dominio. La iniciativa ya tiene media sanci\u00f3n de la C\u00e1mara de Diputados &nbsp; &nbsp; La Comisi\u00f3n de Legislaci\u00f3n General, que preside el senador Jaime Benedetti, se reunir\u00e1 el martes a las 11 para abordar varios&#8230;<\/p>\n","protected":false},"author":3,"featured_media":122561,"comment_status":"closed","ping_status":"closed","sticky":false,"template":"","format":"standard","meta":[],"categories":[15],"tags":[],"_links":{"self":[{"href":"https:\/\/www.actualidadadiario.com\/index.php\/wp-json\/wp\/v2\/posts\/126056"}],"collection":[{"href":"https:\/\/www.actualidadadiario.com\/index.php\/wp-json\/wp\/v2\/posts"}],"about":[{"href":"https:\/\/www.actualidadadiario.com\/index.php\/wp-json\/wp\/v2\/types\/post"}],"author":[{"embeddable":true,"href":"https:\/\/www.actualidadadiario.com\/index.php\/wp-json\/wp\/v2\/users\/3"}],"replies":[{"embeddable":true,"href":"https:\/\/www.actualidadadiario.com\/index.php\/wp-json\/wp\/v2\/comments?post=126056"}],"version-history":[{"count":1,"href":"https:\/\/www.actualidadadiario.com\/index.php\/wp-json\/wp\/v2\/posts\/126056\/revisions"}],"predecessor-version":[{"id":126057,"href":"https:\/\/www.actualidadadiario.com\/index.php\/wp-json\/wp\/v2\/posts\/126056\/revisions\/126057"}],"wp:featuredmedia":[{"embeddable":true,"href":"https:\/\/www.actualidadadiario.com\/index.php\/wp-json\/wp\/v2\/media\/122561"}],"wp:attachment":[{"href":"https:\/\/www.actualidadadiario.com\/index.php\/wp-json\/wp\/v2\/media?parent=126056"}],"wp:term":[{"taxonomy":"category","embeddable":true,"href":"https:\/\/www.actualidadadiario.com\/index.php\/wp-json\/wp\/v2\/categories?post=126056"},{"taxonomy":"post_tag","embeddable":true,"href":"https:\/\/www.actualidadadiario.com\/index.php\/wp-json\/wp\/v2\/tags?post=126056"}],"curies":[{"name":"wp","href":"https:\/\/api.w.org\/{rel}","templated":true}]}}