{"id":126050,"date":"2025-03-17T10:25:35","date_gmt":"2025-03-17T13:25:35","guid":{"rendered":"https:\/\/www.actualidadadiario.com\/?p=126050"},"modified":"2025-03-17T10:25:35","modified_gmt":"2025-03-17T13:25:35","slug":"estudiantes-presentaron-al-iapv-una-propuesta-de-viviendas-aptas-para-los-prestamos-actuales","status":"publish","type":"post","link":"https:\/\/www.actualidadadiario.com\/index.php\/2025\/03\/17\/estudiantes-presentaron-al-iapv-una-propuesta-de-viviendas-aptas-para-los-prestamos-actuales\/","title":{"rendered":"Estudiantes presentaron al IAPV una propuesta de viviendas aptas para los pr\u00e9stamos actuales"},"content":{"rendered":"<p style=\"text-align: center;\"><em><strong>Alumnas de la Escuela de Educaci\u00f3n T\u00e9cnica N\u00ba 45 F\u00e9lix Bourren Meyer elaboraron un proyecto de acuerdo a las exigencias solicitadas por el Instituto Aut\u00e1rquico de Planeamiento y Vivienda (IAPV)<\/strong><\/em><\/p>\n<p>&nbsp;<\/p>\n<p>&nbsp;<\/p>\n<p>Esta propuesta se enmarca en las actividades por los 40 a\u00f1os de la escuela y fue presentado al vice presidente de IAPV, Luis Uriona, quien recibi\u00f3 la propuesta y realizar\u00e1 una devoluci\u00f3n del proyecto.<\/p>\n<p>Las estudiantes presentaron la carpeta t\u00e9cnica y las im\u00e1genes renderizadas del Proyecto Evoluci\u00f3n.<\/p>\n<p>El proyecto fue elaborado por alumnas de 7mo a\u00f1o de la especialidad maestro mayor de obra en la c\u00e1tedra Proyecto ll, a cargo del docente Marcelo Galeano.<\/p>\n<p>La propuesta consiste en una vivienda social de 35m2 de acuerdo a las exigencias solicitadas por el IAPV para los pr\u00e9stamos actuales.<\/p>\n<p>El objetivo de la propuesta es incorporarlo en la carpeta de proyectos de IAPV y llevarlos al municipio local.<\/p>\n<p>Esto demuestra una vez m\u00e1s el compromiso con la comunidad de los estudiantes y en este caso con el IAPV.<\/p>\n","protected":false},"excerpt":{"rendered":"<p>Alumnas de la Escuela de Educaci\u00f3n T\u00e9cnica N\u00ba 45 F\u00e9lix Bourren Meyer elaboraron un proyecto de acuerdo a las exigencias solicitadas por el Instituto Aut\u00e1rquico de Planeamiento y Vivienda (IAPV) &nbsp; &nbsp; Esta propuesta se enmarca en las actividades por los 40 a\u00f1os de la escuela y fue presentado al vice presidente de IAPV, Luis Uriona, quien recibi\u00f3 la propuesta y realizar\u00e1 una devoluci\u00f3n del proyecto. Las estudiantes presentaron la carpeta t\u00e9cnica y las im\u00e1genes renderizadas del Proyecto Evoluci\u00f3n. El proyecto fue elaborado por alumnas de 7mo a\u00f1o de la&#8230;<\/p>\n","protected":false},"author":3,"featured_media":126051,"comment_status":"closed","ping_status":"closed","sticky":false,"template":"","format":"standard","meta":[],"categories":[15],"tags":[],"_links":{"self":[{"href":"https:\/\/www.actualidadadiario.com\/index.php\/wp-json\/wp\/v2\/posts\/126050"}],"collection":[{"href":"https:\/\/www.actualidadadiario.com\/index.php\/wp-json\/wp\/v2\/posts"}],"about":[{"href":"https:\/\/www.actualidadadiario.com\/index.php\/wp-json\/wp\/v2\/types\/post"}],"author":[{"embeddable":true,"href":"https:\/\/www.actualidadadiario.com\/index.php\/wp-json\/wp\/v2\/users\/3"}],"replies":[{"embeddable":true,"href":"https:\/\/www.actualidadadiario.com\/index.php\/wp-json\/wp\/v2\/comments?post=126050"}],"version-history":[{"count":1,"href":"https:\/\/www.actualidadadiario.com\/index.php\/wp-json\/wp\/v2\/posts\/126050\/revisions"}],"predecessor-version":[{"id":126052,"href":"https:\/\/www.actualidadadiario.com\/index.php\/wp-json\/wp\/v2\/posts\/126050\/revisions\/126052"}],"wp:featuredmedia":[{"embeddable":true,"href":"https:\/\/www.actualidadadiario.com\/index.php\/wp-json\/wp\/v2\/media\/126051"}],"wp:attachment":[{"href":"https:\/\/www.actualidadadiario.com\/index.php\/wp-json\/wp\/v2\/media?parent=126050"}],"wp:term":[{"taxonomy":"category","embeddable":true,"href":"https:\/\/www.actualidadadiario.com\/index.php\/wp-json\/wp\/v2\/categories?post=126050"},{"taxonomy":"post_tag","embeddable":true,"href":"https:\/\/www.actualidadadiario.com\/index.php\/wp-json\/wp\/v2\/tags?post=126050"}],"curies":[{"name":"wp","href":"https:\/\/api.w.org\/{rel}","templated":true}]}}