{"id":126048,"date":"2025-03-14T16:12:56","date_gmt":"2025-03-14T19:12:56","guid":{"rendered":"https:\/\/www.actualidadadiario.com\/?p=126048"},"modified":"2025-03-14T16:12:56","modified_gmt":"2025-03-14T19:12:56","slug":"la-inflacion-de-febrero-fue-de-24","status":"publish","type":"post","link":"https:\/\/www.actualidadadiario.com\/index.php\/2025\/03\/14\/la-inflacion-de-febrero-fue-de-24\/","title":{"rendered":"La inflaci\u00f3n de febrero fue de 2,4%"},"content":{"rendered":"<p style=\"text-align: center;\"><em><strong>El Indec public\u00f3 la inflaci\u00f3n de febrero, que mostr\u00f3 un aumento, con relaci\u00f3n a enero<\/strong><\/em><\/p>\n<p>&nbsp;<\/p>\n<p>&nbsp;<\/p>\n<p>El Indec public\u00f3 este viernes el IPC de febrero, que fue de 2,4%, 0,2% m\u00e1s que en enero, cuando el Indec registr\u00f3 la inflaci\u00f3n m\u00e1s baja desde la pandemia del 2020.\u00a0 Un peque\u00f1o salto en el dato mensual era esperado a partir del impacto de la correcci\u00f3n de precios de los alimentos, en especial de la carne.<\/p>\n<p>De todos modos, la inflaci\u00f3n\u00a0 interanual marc\u00f3 una fuerte desaceleraci\u00f3n, uno de los ejes centrales que tiene la pol\u00edtica econ\u00f3mica del Gobierno de Javier Milei, por lo cual mantiene a raya el d\u00f3lar y desaceler\u00f3 el ritmo de devaluaci\u00f3n a 1% mensual.<\/p>\n<p>Las consultoras y el Relevamiento de Expectativas del Mercado (REM) hab\u00edan proyectado un promedio de 2,3% para febrero.\u00a0 Con esos datos, la inflaci\u00f3n interanual es de 66,9 por ciento y la acumulada en 2025 en el primer bimestre, 4,7%.<\/p>\n<p>&nbsp;<\/p>\n<p><strong>Inflaci\u00f3n: lo que m\u00e1s aument\u00f3 en febrero <\/strong><\/p>\n<p>La divisi\u00f3n de mayor aumento en el mes fue Vivienda, agua, electricidad, gas y otros combustibles (3,7%), por subas en Alquiler de la vivienda y gastos conexos y Electricidad, gas y otros combustibles. Le sigui\u00f3 Alimentos y bebidas no alcoh\u00f3licas (3,2%), principalmente por incrementos en Carnes y derivados, seg\u00fan destac\u00f3 el informe del Indec.<\/p>\n<p>En tanto, los dos sectores con las menores variaciones en febrero de 2025 fueron Equipamiento y mantenimiento del hogar (1,0%) y Prendas de vestir y calzado (0,4%).<\/p>\n<p>En enero, la variaci\u00f3n interanual fue de 84,5%, lo que marc\u00f3 un sendero optimista para el oficialismo, en comparaci\u00f3n al 117% interanual de diciembre. El punto m\u00e1s \u00e1lgido de la inflaci\u00f3n fue cuando lleg\u00f3 a medir 289,4% interanual en abril del 2024. El Gobierno conf\u00eda en terminar el 2025 con un porcentaje de dos cifras.<\/p>\n<p>El Instituto de Estad\u00edstica y Censos porte\u00f1o (Idecba) public\u00f3 que la inflaci\u00f3n de la Ciudad de Buenos Aires fue de 2,1%, lo que represent\u00f3 una desaceleraci\u00f3n en comparaci\u00f3n al 3,1% de enero. La medici\u00f3n interanual fue de 21%, frente al 100,5% del mes anterior. En este caso, los principales aumentos que incidieron en la inflaci\u00f3n porte\u00f1a fueron Vivienda, Agua, Electricidad, Gas y otros combustibles, con un 3,1%. Le sigui\u00f3 Salud, con el 3% y Restaurantes y Hoteles, con el 2,7%.<\/p>\n","protected":false},"excerpt":{"rendered":"<p>El Indec public\u00f3 la inflaci\u00f3n de febrero, que mostr\u00f3 un aumento, con relaci\u00f3n a enero &nbsp; &nbsp; El Indec public\u00f3 este viernes el IPC de febrero, que fue de 2,4%, 0,2% m\u00e1s que en enero, cuando el Indec registr\u00f3 la inflaci\u00f3n m\u00e1s baja desde la pandemia del 2020.\u00a0 Un peque\u00f1o salto en el dato mensual era esperado a partir del impacto de la correcci\u00f3n de precios de los alimentos, en especial de la carne. De todos modos, la inflaci\u00f3n\u00a0 interanual marc\u00f3 una fuerte desaceleraci\u00f3n, uno de los ejes centrales que&#8230;<\/p>\n","protected":false},"author":3,"featured_media":60213,"comment_status":"closed","ping_status":"closed","sticky":false,"template":"","format":"standard","meta":[],"categories":[2],"tags":[],"_links":{"self":[{"href":"https:\/\/www.actualidadadiario.com\/index.php\/wp-json\/wp\/v2\/posts\/126048"}],"collection":[{"href":"https:\/\/www.actualidadadiario.com\/index.php\/wp-json\/wp\/v2\/posts"}],"about":[{"href":"https:\/\/www.actualidadadiario.com\/index.php\/wp-json\/wp\/v2\/types\/post"}],"author":[{"embeddable":true,"href":"https:\/\/www.actualidadadiario.com\/index.php\/wp-json\/wp\/v2\/users\/3"}],"replies":[{"embeddable":true,"href":"https:\/\/www.actualidadadiario.com\/index.php\/wp-json\/wp\/v2\/comments?post=126048"}],"version-history":[{"count":1,"href":"https:\/\/www.actualidadadiario.com\/index.php\/wp-json\/wp\/v2\/posts\/126048\/revisions"}],"predecessor-version":[{"id":126049,"href":"https:\/\/www.actualidadadiario.com\/index.php\/wp-json\/wp\/v2\/posts\/126048\/revisions\/126049"}],"wp:featuredmedia":[{"embeddable":true,"href":"https:\/\/www.actualidadadiario.com\/index.php\/wp-json\/wp\/v2\/media\/60213"}],"wp:attachment":[{"href":"https:\/\/www.actualidadadiario.com\/index.php\/wp-json\/wp\/v2\/media?parent=126048"}],"wp:term":[{"taxonomy":"category","embeddable":true,"href":"https:\/\/www.actualidadadiario.com\/index.php\/wp-json\/wp\/v2\/categories?post=126048"},{"taxonomy":"post_tag","embeddable":true,"href":"https:\/\/www.actualidadadiario.com\/index.php\/wp-json\/wp\/v2\/tags?post=126048"}],"curies":[{"name":"wp","href":"https:\/\/api.w.org\/{rel}","templated":true}]}}