{"id":126041,"date":"2025-03-14T15:46:47","date_gmt":"2025-03-14T18:46:47","guid":{"rendered":"https:\/\/www.actualidadadiario.com\/?p=126041"},"modified":"2025-03-14T15:46:47","modified_gmt":"2025-03-14T18:46:47","slug":"netanyahu-pide-aplazar-sus-audiencias-judiciales-por-corrupcion-ante-la-visita-de-milei","status":"publish","type":"post","link":"https:\/\/www.actualidadadiario.com\/index.php\/2025\/03\/14\/netanyahu-pide-aplazar-sus-audiencias-judiciales-por-corrupcion-ante-la-visita-de-milei\/","title":{"rendered":"Netanyahu pide aplazar sus audiencias judiciales por corrupci\u00f3n ante la visita de Milei"},"content":{"rendered":"<p style=\"text-align: center;\"><em><strong>Netanyahu es la primera persona de la historia de Israel en ser imputada mientras ocupa el cargo de primer ministro. Est\u00e1 acusado de recibir sobornos, fraude y violaci\u00f3n de la confianza en tres casos separados. El presidente argentino viajar\u00e1 el 23 de marzo<\/strong><\/em><\/p>\n<p>&nbsp;<\/p>\n<p>&nbsp;<\/p>\n<p>El primer ministro de Israel, Benjamin Netanyahu, solicit\u00f3 este viernes un aplazamiento de las vistas judiciales que tiene pendientes dentro de dos semanas de cara a la visita del presidente argentino, Javier Milei, que viajar\u00e1 al pa\u00eds el 23 de marzo con el objetivo de \u00abreafirmar los v\u00ednculos\u00bb entre los dos pa\u00edses.<\/p>\n<p>Su equipo legal present\u00f3 la petici\u00f3n ante el tribunal de distrito de Jerusal\u00e9n, que en anteriores ocasiones aval\u00f3 este tipo de pr\u00f3rrogas por motivos \u00abdiplom\u00e1ticos\u00bb o de \u00abseguridad\u00bb en el marco de la ofensiva israel\u00ed en la Franja de Gaza, que ya dej\u00f3 m\u00e1s de 48 mil muertos.<\/p>\n<p>Ahora, el mandatario aleg\u00f3 \u201cproblemas de agenda\u201d para poder acudir a estas audiencias dado que el Gobierno plane\u00f3 una serie de eventos y visitas con motivo del viaje de Milei al pa\u00eds, seg\u00fan informaciones recogidas por el diario \u2018The Times of Israel\u2019.<\/p>\n<p>Netanyahu, la primera persona de la historia de Israel en ser imputada mientras ocupa el cargo de primer ministro, est\u00e1 acusado de recibir sobornos, fraude y violaci\u00f3n de la confianza en tres casos separados.<\/p>\n<p>La Fiscal\u00eda denunci\u00f3 en abril de 2021 un \u00abgrave caso de corrupci\u00f3n del r\u00e9gimen\u00bb en la primera sesi\u00f3n de la fase de presentaci\u00f3n de pruebas en el proceso por corrupci\u00f3n contra Netanyahu, quien rechaz\u00f3 los cargos y habl\u00f3 de \u00abcaza de brujas\u00bb y \u00abgolpe de Estado judicial\u00bb.<\/p>\n<p>El m\u00e1s grave de ellos es el \u2018caso 4000\u2019, en el que hace frente a cargos por sobornos, fraude y abuso de poder por impulsar regulaciones que beneficiaron al accionista mayoritario del grupo Bezeq, Shaul Elovitch, a cambio de una cobertura favorable del portal Walla.<\/p>\n","protected":false},"excerpt":{"rendered":"<p>Netanyahu es la primera persona de la historia de Israel en ser imputada mientras ocupa el cargo de primer ministro. Est\u00e1 acusado de recibir sobornos, fraude y violaci\u00f3n de la confianza en tres casos separados. El presidente argentino viajar\u00e1 el 23 de marzo &nbsp; &nbsp; El primer ministro de Israel, Benjamin Netanyahu, solicit\u00f3 este viernes un aplazamiento de las vistas judiciales que tiene pendientes dentro de dos semanas de cara a la visita del presidente argentino, Javier Milei, que viajar\u00e1 al pa\u00eds el 23 de marzo con el objetivo de&#8230;<\/p>\n","protected":false},"author":3,"featured_media":114783,"comment_status":"closed","ping_status":"closed","sticky":false,"template":"","format":"standard","meta":[],"categories":[4],"tags":[],"_links":{"self":[{"href":"https:\/\/www.actualidadadiario.com\/index.php\/wp-json\/wp\/v2\/posts\/126041"}],"collection":[{"href":"https:\/\/www.actualidadadiario.com\/index.php\/wp-json\/wp\/v2\/posts"}],"about":[{"href":"https:\/\/www.actualidadadiario.com\/index.php\/wp-json\/wp\/v2\/types\/post"}],"author":[{"embeddable":true,"href":"https:\/\/www.actualidadadiario.com\/index.php\/wp-json\/wp\/v2\/users\/3"}],"replies":[{"embeddable":true,"href":"https:\/\/www.actualidadadiario.com\/index.php\/wp-json\/wp\/v2\/comments?post=126041"}],"version-history":[{"count":1,"href":"https:\/\/www.actualidadadiario.com\/index.php\/wp-json\/wp\/v2\/posts\/126041\/revisions"}],"predecessor-version":[{"id":126042,"href":"https:\/\/www.actualidadadiario.com\/index.php\/wp-json\/wp\/v2\/posts\/126041\/revisions\/126042"}],"wp:featuredmedia":[{"embeddable":true,"href":"https:\/\/www.actualidadadiario.com\/index.php\/wp-json\/wp\/v2\/media\/114783"}],"wp:attachment":[{"href":"https:\/\/www.actualidadadiario.com\/index.php\/wp-json\/wp\/v2\/media?parent=126041"}],"wp:term":[{"taxonomy":"category","embeddable":true,"href":"https:\/\/www.actualidadadiario.com\/index.php\/wp-json\/wp\/v2\/categories?post=126041"},{"taxonomy":"post_tag","embeddable":true,"href":"https:\/\/www.actualidadadiario.com\/index.php\/wp-json\/wp\/v2\/tags?post=126041"}],"curies":[{"name":"wp","href":"https:\/\/api.w.org\/{rel}","templated":true}]}}