{"id":126026,"date":"2025-03-14T15:02:50","date_gmt":"2025-03-14T18:02:50","guid":{"rendered":"https:\/\/www.actualidadadiario.com\/?p=126026"},"modified":"2025-03-14T15:02:50","modified_gmt":"2025-03-14T18:02:50","slug":"los-buenos-son-los-de-azul-milei-defendio-el-operativo-de-patricia-bullrich","status":"publish","type":"post","link":"https:\/\/www.actualidadadiario.com\/index.php\/2025\/03\/14\/los-buenos-son-los-de-azul-milei-defendio-el-operativo-de-patricia-bullrich\/","title":{"rendered":"&#8220;Los buenos son los de azul&#8221;: Milei defendi\u00f3 el operativo de Patricia Bullrich"},"content":{"rendered":"<p style=\"text-align: center;\"><em><strong>Javier Milei respald\u00f3 la reacci\u00f3n de las fuerzas de seguridad durante la marcha de jubilados, que dej\u00f3 25 heridos y al fot\u00f3grafo Pablo Grillo en estado de gravedad<\/strong><\/em><\/p>\n<p>&nbsp;<\/p>\n<p>&nbsp;<\/p>\n<p>El presidente Javier Milei apoy\u00f3 el despliegue que las fuerzas de seguridad hicieron durante la marcha de jubilados, que termin\u00f3 en una represi\u00f3n. Asegur\u00f3 que \u201clos buenos son los azules\u201d, en referencia a los efectivos policiales, y que \u201clos hijos de pu\u2026 son los que tienen trapos en la cara\u201d, en alusi\u00f3n a los manifestantes.<\/p>\n<p>El jefe de Estado particip\u00f3 en el cierre de la ExpoAgro en la ciudad de San Nicol\u00e1s, un evento al que lleg\u00f3 en compa\u00f1\u00eda de la ministra de Seguridad, Patricia Bullrich, en una demostraci\u00f3n de apoyo a su tarea al frente de la cartera, tras las acusaciones y los pedidos de renuncia.<\/p>\n<p>\u201cVamos a defender a la Rep\u00fablica\u201d, qu\u00e9 dijo Milei sobre la marcha de los jubilados<\/p>\n<p>\u201cSi acelero en las curvas, ahora voy a acelerar mucho m\u00e1s\u201d, dijo el jefe de Estado, en una suerte de declaraci\u00f3n de principios tras la situaci\u00f3n que se vivi\u00f3 durante el mi\u00e9rcoles en la plaza de los dos Congresos.<\/p>\n<p>Este viernes, el Gobierno present\u00f3 un documento ante la Justicia en el que denunciaron sedici\u00f3n, atentado y asociaci\u00f3n il\u00edcita durante la movilizaci\u00f3n. All\u00ed mismo, pidieron investigar a la jueza Karina Andrade, que orden\u00f3 la liberaci\u00f3n de 94 detenidos.<\/p>\n<p>Andrade, quien es titular del juzgado de Primera Instancia en lo Penal, Contravencional y de Faltas N\u00b0 15, liber\u00f3 este jueves a los detenidos y asegur\u00f3 que \u201cse encuentra en juego un derecho constitucional fundamental como es el derecho a la protesta, a manifestarse en democracia y a la libertad de expresi\u00f3n\u201d. Adem\u00e1s, indic\u00f3 que los adultos mayores pertenecen a uno de los sectores \u201cm\u00e1s vulnerables de nuestra Naci\u00f3n\u201d.<\/p>\n<p>En el \u00faltimo ramo de su cierre en la ExpoAgro, en donde habl\u00f3 de retenciones y elogi\u00f3 al campo, Milei le dedic\u00f3 unas palabras a todas aquellas personas que participaron de la movilizaci\u00f3n del mi\u00e9rcoles y respald\u00f3 a Bullrich. \u201cLos vamos a meter presos\u201d, advirti\u00f3, al tiempo en el que asegur\u00f3 que va a \u201cdefender a la Rep\u00fablica\u201d. \u201cNo vienen contra m\u00ed, vienen contra ustedes, yo solo estoy en el medio\u201d, grit\u00f3.<\/p>\n","protected":false},"excerpt":{"rendered":"<p>Javier Milei respald\u00f3 la reacci\u00f3n de las fuerzas de seguridad durante la marcha de jubilados, que dej\u00f3 25 heridos y al fot\u00f3grafo Pablo Grillo en estado de gravedad &nbsp; &nbsp; El presidente Javier Milei apoy\u00f3 el despliegue que las fuerzas de seguridad hicieron durante la marcha de jubilados, que termin\u00f3 en una represi\u00f3n. Asegur\u00f3 que \u201clos buenos son los azules\u201d, en referencia a los efectivos policiales, y que \u201clos hijos de pu\u2026 son los que tienen trapos en la cara\u201d, en alusi\u00f3n a los manifestantes. El jefe de Estado particip\u00f3&#8230;<\/p>\n","protected":false},"author":3,"featured_media":126027,"comment_status":"closed","ping_status":"closed","sticky":false,"template":"","format":"standard","meta":[],"categories":[18],"tags":[],"_links":{"self":[{"href":"https:\/\/www.actualidadadiario.com\/index.php\/wp-json\/wp\/v2\/posts\/126026"}],"collection":[{"href":"https:\/\/www.actualidadadiario.com\/index.php\/wp-json\/wp\/v2\/posts"}],"about":[{"href":"https:\/\/www.actualidadadiario.com\/index.php\/wp-json\/wp\/v2\/types\/post"}],"author":[{"embeddable":true,"href":"https:\/\/www.actualidadadiario.com\/index.php\/wp-json\/wp\/v2\/users\/3"}],"replies":[{"embeddable":true,"href":"https:\/\/www.actualidadadiario.com\/index.php\/wp-json\/wp\/v2\/comments?post=126026"}],"version-history":[{"count":1,"href":"https:\/\/www.actualidadadiario.com\/index.php\/wp-json\/wp\/v2\/posts\/126026\/revisions"}],"predecessor-version":[{"id":126028,"href":"https:\/\/www.actualidadadiario.com\/index.php\/wp-json\/wp\/v2\/posts\/126026\/revisions\/126028"}],"wp:featuredmedia":[{"embeddable":true,"href":"https:\/\/www.actualidadadiario.com\/index.php\/wp-json\/wp\/v2\/media\/126027"}],"wp:attachment":[{"href":"https:\/\/www.actualidadadiario.com\/index.php\/wp-json\/wp\/v2\/media?parent=126026"}],"wp:term":[{"taxonomy":"category","embeddable":true,"href":"https:\/\/www.actualidadadiario.com\/index.php\/wp-json\/wp\/v2\/categories?post=126026"},{"taxonomy":"post_tag","embeddable":true,"href":"https:\/\/www.actualidadadiario.com\/index.php\/wp-json\/wp\/v2\/tags?post=126026"}],"curies":[{"name":"wp","href":"https:\/\/api.w.org\/{rel}","templated":true}]}}