{"id":126023,"date":"2025-03-14T15:01:22","date_gmt":"2025-03-14T18:01:22","guid":{"rendered":"https:\/\/www.actualidadadiario.com\/?p=126023"},"modified":"2025-03-14T15:01:22","modified_gmt":"2025-03-14T18:01:22","slug":"el-gobierno-denuncio-que-hubo-sedicion-atentado-y-asociacion-ilicita-en-la-marcha-de-los-jubilados","status":"publish","type":"post","link":"https:\/\/www.actualidadadiario.com\/index.php\/2025\/03\/14\/el-gobierno-denuncio-que-hubo-sedicion-atentado-y-asociacion-ilicita-en-la-marcha-de-los-jubilados\/","title":{"rendered":"El Gobierno denunci\u00f3 que hubo sedici\u00f3n, atentado y asociaci\u00f3n il\u00edcita en la marcha de los jubilados"},"content":{"rendered":"<p style=\"text-align: center;\"><em><strong>El Ministerio de Seguridad asegur\u00f3 que las personas que marcharon recibieron pagos de $50.000 \u201cpara provocar disturbios\u201d y \u201cgenerar represi\u00f3n\u201d. Pidieron declarar incompetente a la jueza que liber\u00f3 detenidos<\/strong><\/em><\/p>\n<p>&nbsp;<\/p>\n<p>&nbsp;<\/p>\n<p>El Ministerio de Seguridad hizo una denuncia penal en la que asegur\u00f3 que hubo sedici\u00f3n, atentado al orden constitucional y a la vida democr\u00e1tica, y asociaci\u00f3n il\u00edcita agravada durante la movilizaci\u00f3n de este mi\u00e9rcoles para reclamar por aumentos en los haberes jubilatorios. La marcha termin\u00f3 con grandes incidentes: un centenar de detenidos, heridos y una persona permanece en estado de gravedad: el fot\u00f3grafo Pablo Grillo.<\/p>\n<p>La presentaci\u00f3n estuvo a cargo del director nacional de Normativa y Relaciones con los Poderes Judiciales y los Ministerios P\u00fablicos del Ministerio de Seguridad, Fernando Soto. En representaci\u00f3n de la ministra de la cartera, Patricia Bullrich.<\/p>\n<p><strong>\u00a0<\/strong><\/p>\n<p><strong>Contraataque<\/strong>:<strong> el Ministerio de Seguridad abri\u00f3 un sumario en contra de la marcha de jubilados<\/strong><\/p>\n<p>El mi\u00e9rcoles los jubilados marcharon en reclamo de un aumento de sus haberes, medicamentos bonificados por obra social y en contra del vencimiento de la moratoria, que permite el acceso a la jubilaci\u00f3n a personas que no re\u00fanen los 30 a\u00f1os de aportes. Estuvieron acompa\u00f1ados de hinchas de clubes de f\u00fatbol, organizaciones sociales, pol\u00edticas y de la ciudadan\u00eda en general.<\/p>\n<p>El Gobierno argument\u00f3 que la marcha fue organizada por diversas agrupaciones que convocaron por redes sociales a manifestarse en un reclamo de personas jubiladas, \u201ccon consignas que avizoraban el ejercicio de conductas violentas por grupos organizados de \u2018barras bravas\u2019 de diferentes parcialidades deportivas\u201d. Las acusaron de ser \u201dverdaderas asociaciones il\u00edcitas que utilizan la violencia y la comisi\u00f3n de delitos para mantener sus \u2018negocios\u2019&#8221;.<\/p>\n<p>En la denuncia, adujeron que la movilizaci\u00f3n estuvo \u201corquestada para actuar en forma gravemente violenta\u201d y que \u201cbusc\u00f3 impedir el libre ejercicio de las facultades constitucionales del Poder Ejecutivo Nacional\u201d.<\/p>\n<p>La marcha de los jubilados exigi\u00f3 la pr\u00f3rroga de la moratoria previsional y la restituci\u00f3n del 100% de los medicamentos del PAMI, entre otras demandas. Recibieron el apoyo de hinchas autoconvocados de distintos clubes de la Liga Profesional del F\u00fatbol argentino y del ascenso.<\/p>\n<p>El Gobierno adujo que hubo \u201cprofesionales de la violencia\u201d en la marcha y denunci\u00f3 que las personas que asistieron a la marcha fueron \u201cpagados con la suma de $50.000 para \u2018provocar disturbios\u2019 enfrentando a la Polic\u00eda y generar \u2018represi\u00f3n\u2019\u201d. Acto seguido, Soto enumera la cantidad de bienes da\u00f1ados durante la jornada y los efectivos policiales heridos.<\/p>\n<p>Durante la marcha, las fuerzas de seguridad detuvieron alrededor de 100 personas, de las cuales 94 fueron liberadas a la madrugada por orden de la jueza Karina Andrade. Sin embargo, el Gobierno critic\u00f3 el accionar a trav\u00e9s de la denuncia presentada este viernes.<\/p>\n<p>Soto indic\u00f3 que, desde el oficialismo, eval\u00faan la presentaci\u00f3n de una denuncia penal en su contra \u201cpor los delitos de prevaricato y violaci\u00f3n de los deberes de funcionario p\u00fablico\u201d ante el Consejo de la Magistratura. Pidi\u00f3 la declaraci\u00f3n de incompetencia por inhibici\u00f3n a la jueza a cargo y que se inicie un sumario formal penal por los delitos denunciados en el documento.<\/p>\n","protected":false},"excerpt":{"rendered":"<p>El Ministerio de Seguridad asegur\u00f3 que las personas que marcharon recibieron pagos de $50.000 \u201cpara provocar disturbios\u201d y \u201cgenerar represi\u00f3n\u201d. Pidieron declarar incompetente a la jueza que liber\u00f3 detenidos &nbsp; &nbsp; El Ministerio de Seguridad hizo una denuncia penal en la que asegur\u00f3 que hubo sedici\u00f3n, atentado al orden constitucional y a la vida democr\u00e1tica, y asociaci\u00f3n il\u00edcita agravada durante la movilizaci\u00f3n de este mi\u00e9rcoles para reclamar por aumentos en los haberes jubilatorios. La marcha termin\u00f3 con grandes incidentes: un centenar de detenidos, heridos y una persona permanece en estado&#8230;<\/p>\n","protected":false},"author":3,"featured_media":126024,"comment_status":"closed","ping_status":"closed","sticky":false,"template":"","format":"standard","meta":[],"categories":[18],"tags":[],"_links":{"self":[{"href":"https:\/\/www.actualidadadiario.com\/index.php\/wp-json\/wp\/v2\/posts\/126023"}],"collection":[{"href":"https:\/\/www.actualidadadiario.com\/index.php\/wp-json\/wp\/v2\/posts"}],"about":[{"href":"https:\/\/www.actualidadadiario.com\/index.php\/wp-json\/wp\/v2\/types\/post"}],"author":[{"embeddable":true,"href":"https:\/\/www.actualidadadiario.com\/index.php\/wp-json\/wp\/v2\/users\/3"}],"replies":[{"embeddable":true,"href":"https:\/\/www.actualidadadiario.com\/index.php\/wp-json\/wp\/v2\/comments?post=126023"}],"version-history":[{"count":1,"href":"https:\/\/www.actualidadadiario.com\/index.php\/wp-json\/wp\/v2\/posts\/126023\/revisions"}],"predecessor-version":[{"id":126025,"href":"https:\/\/www.actualidadadiario.com\/index.php\/wp-json\/wp\/v2\/posts\/126023\/revisions\/126025"}],"wp:featuredmedia":[{"embeddable":true,"href":"https:\/\/www.actualidadadiario.com\/index.php\/wp-json\/wp\/v2\/media\/126024"}],"wp:attachment":[{"href":"https:\/\/www.actualidadadiario.com\/index.php\/wp-json\/wp\/v2\/media?parent=126023"}],"wp:term":[{"taxonomy":"category","embeddable":true,"href":"https:\/\/www.actualidadadiario.com\/index.php\/wp-json\/wp\/v2\/categories?post=126023"},{"taxonomy":"post_tag","embeddable":true,"href":"https:\/\/www.actualidadadiario.com\/index.php\/wp-json\/wp\/v2\/tags?post=126023"}],"curies":[{"name":"wp","href":"https:\/\/api.w.org\/{rel}","templated":true}]}}