{"id":126020,"date":"2025-03-14T15:00:08","date_gmt":"2025-03-14T18:00:08","guid":{"rendered":"https:\/\/www.actualidadadiario.com\/?p=126020"},"modified":"2025-03-14T15:00:08","modified_gmt":"2025-03-14T18:00:08","slug":"caen-las-expectativas-de-la-economia-que-paso-con-la-imagen-de-milei-segun-una-encuesta","status":"publish","type":"post","link":"https:\/\/www.actualidadadiario.com\/index.php\/2025\/03\/14\/caen-las-expectativas-de-la-economia-que-paso-con-la-imagen-de-milei-segun-una-encuesta\/","title":{"rendered":"Caen las expectativas de la econom\u00eda: qu\u00e9 pas\u00f3 con la imagen de Milei, seg\u00fan una encuesta"},"content":{"rendered":"<p style=\"text-align: center;\"><em><strong>El Gobierno redujo la evaluaci\u00f3n positiva tras el esc\u00e1ndalo de la criptomoneda Libra. Tambi\u00e9n se midieron las perspectivas econ\u00f3micas para el pr\u00f3ximo a\u00f1o y la imagen de Karina Milei<\/strong><\/em><\/p>\n<p>&nbsp;<\/p>\n<p>&nbsp;<\/p>\n<p>Una encuesta registr\u00f3 en febrero un deterioro de la base de apoyo al gobierno, con una ca\u00edda en las evaluaciones de la gesti\u00f3n, en la imagen del presidente y en las expectativas econ\u00f3micas generales y personales.<\/p>\n<p>Seg\u00fan la consultora Analog\u00edas, la evaluaci\u00f3n positiva del Gobierno se redujo 3 puntos; las respuestas de \u201cdesaprobaci\u00f3n\u201d aumentaron 2,5 puntos. La imagen del presidente Milei tambi\u00e9n perdi\u00f3 tres puntos a nivel nacional y cerr\u00f3 febrero con dos puntos de diferencia, pero ochos menos que en enero.<\/p>\n<p>En la evaluaci\u00f3n econ\u00f3mica personal y expectativas mostraron una ca\u00edda del \u201coptimismo\u201d de 7 puntos, que pasaron a tener expectativas \u201cpesimistas\u201d. En enero, las perspectivas optimistas llegaban al 43,14% y en febrero a 36,4%.<\/p>\n<p>El nivel de conocimiento sobre el fraude con la criptomoneda Libra llega a 85%, con un impacto en el segmento joven masculino de clase media, el sector social que m\u00e1s apoyo el Milei. El 61% de los encuestados cree que el caso \u201ces un hecho de corrupci\u00f3n\u201d; el 55% que el presidente y su hermana Karina \u201cestuvieron involucrados\u201d; el 60% que se trata de un esc\u00e1ndalo internacional que deteriora su posicionamiento; y el 78 por ciento que \u201csu comportamiento fue malo\u201d.<\/p>\n<p>La encuesta fue realizada del 23 al 25 de febrero sobre 2700 casos. El 55,6 por ciento considera al gobierno de Milei como \u201cautoritario\u201d, mientras que el 31,2% no lo cree. El 40,7 aprueba la gesti\u00f3n de gobierno del l\u00edder de La Libertad Avanza y el 42,9 lo desaprueba.<\/p>\n<p>La imagen positiva del Presidente llega a 49,7% y la negativa a 47,9 por ciento. Sobre la econom\u00eda, la mayor\u00eda considera que el sacrificio que se est\u00e1 haciendo estos meses no servir\u00e1n para resolver los problemas econ\u00f3micos. En cuanto a la medici\u00f3n de la inflaci\u00f3n por parte del Indec, el 50,8 por ciento considera que la inflaci\u00f3n es m\u00e1s alta de lo que anuncia el organismo, y el 31,6 por ciento considera que se mide correctamente.<\/p>\n<p>Los encuestados fueron consultados sobre la situaci\u00f3n actual respecto a un a\u00f1o atr\u00e1s. El 50,3 por ciento \u201cest\u00e1 peor\u201d y el 30,3 por ciento sigue igual econ\u00f3micamente. Sobre las perspectivas para 2025, el 36,9 por ciento asegura que \u201cestar\u00e1 peor\u201d, el 29,8 por ciento cree que ser\u00e1 mejor la situaci\u00f3n; pero el 21 por ciento dice que \u201cser\u00e1 igual\u201d.<\/p>\n<p>El informe midi\u00f3 adem\u00e1s la imagen de la secretaria General de la presidencia, Karina Milei. La negativa supera el 60 por ciento y la positiva llega al 33,7 por ciento. En cuanto a las elecciones legislativas, La Libertad avanza figura primera en intenci\u00f3n de voto con el 33,1 por ciento,\u00a0 y en segundo lugar se ubica el peronismo con 30,4 por ciento.<\/p>\n","protected":false},"excerpt":{"rendered":"<p>El Gobierno redujo la evaluaci\u00f3n positiva tras el esc\u00e1ndalo de la criptomoneda Libra. Tambi\u00e9n se midieron las perspectivas econ\u00f3micas para el pr\u00f3ximo a\u00f1o y la imagen de Karina Milei &nbsp; &nbsp; Una encuesta registr\u00f3 en febrero un deterioro de la base de apoyo al gobierno, con una ca\u00edda en las evaluaciones de la gesti\u00f3n, en la imagen del presidente y en las expectativas econ\u00f3micas generales y personales. Seg\u00fan la consultora Analog\u00edas, la evaluaci\u00f3n positiva del Gobierno se redujo 3 puntos; las respuestas de \u201cdesaprobaci\u00f3n\u201d aumentaron 2,5 puntos. La imagen del&#8230;<\/p>\n","protected":false},"author":3,"featured_media":126021,"comment_status":"closed","ping_status":"closed","sticky":false,"template":"","format":"standard","meta":[],"categories":[18],"tags":[],"_links":{"self":[{"href":"https:\/\/www.actualidadadiario.com\/index.php\/wp-json\/wp\/v2\/posts\/126020"}],"collection":[{"href":"https:\/\/www.actualidadadiario.com\/index.php\/wp-json\/wp\/v2\/posts"}],"about":[{"href":"https:\/\/www.actualidadadiario.com\/index.php\/wp-json\/wp\/v2\/types\/post"}],"author":[{"embeddable":true,"href":"https:\/\/www.actualidadadiario.com\/index.php\/wp-json\/wp\/v2\/users\/3"}],"replies":[{"embeddable":true,"href":"https:\/\/www.actualidadadiario.com\/index.php\/wp-json\/wp\/v2\/comments?post=126020"}],"version-history":[{"count":1,"href":"https:\/\/www.actualidadadiario.com\/index.php\/wp-json\/wp\/v2\/posts\/126020\/revisions"}],"predecessor-version":[{"id":126022,"href":"https:\/\/www.actualidadadiario.com\/index.php\/wp-json\/wp\/v2\/posts\/126020\/revisions\/126022"}],"wp:featuredmedia":[{"embeddable":true,"href":"https:\/\/www.actualidadadiario.com\/index.php\/wp-json\/wp\/v2\/media\/126021"}],"wp:attachment":[{"href":"https:\/\/www.actualidadadiario.com\/index.php\/wp-json\/wp\/v2\/media?parent=126020"}],"wp:term":[{"taxonomy":"category","embeddable":true,"href":"https:\/\/www.actualidadadiario.com\/index.php\/wp-json\/wp\/v2\/categories?post=126020"},{"taxonomy":"post_tag","embeddable":true,"href":"https:\/\/www.actualidadadiario.com\/index.php\/wp-json\/wp\/v2\/tags?post=126020"}],"curies":[{"name":"wp","href":"https:\/\/api.w.org\/{rel}","templated":true}]}}