{"id":126018,"date":"2025-03-14T12:16:42","date_gmt":"2025-03-14T15:16:42","guid":{"rendered":"https:\/\/www.actualidadadiario.com\/?p=126018"},"modified":"2025-03-14T14:42:34","modified_gmt":"2025-03-14T17:42:34","slug":"aumento-la-desocupacion-en-caba-con-mayor-incidencia-entre-mujeres-y-barrios-del-sur","status":"publish","type":"post","link":"https:\/\/www.actualidadadiario.com\/index.php\/2025\/03\/14\/aumento-la-desocupacion-en-caba-con-mayor-incidencia-entre-mujeres-y-barrios-del-sur\/","title":{"rendered":"Aument\u00f3 la desocupaci\u00f3n en CABA, con mayor incidencia entre mujeres y barrios del Sur"},"content":{"rendered":"<p style=\"text-align: center;\"><em><strong>El desempleo en CABA creci\u00f3 en el \u00faltimo trimestre de 2024. Hay una mayor desocupaci\u00f3n entre las mujeres y en los barrios de la zona sur del distrito<\/strong><\/em><\/p>\n<p>&nbsp;<\/p>\n<p>&nbsp;<\/p>\n<p>La desocupaci\u00f3n en la Ciudad de Buenos Aires alcanz\u00f3 al 6,7% en el cuarto trimestre de 2024, superando en m\u00e1s de dos puntos porcentuales el 4,6% registrado en el mismo per\u00edodo de 2023, de acuerdo con lo informado por el Instituto de Estad\u00edstica y Censos porte\u00f1o (Idecba).<\/p>\n<p>El incremento acompa\u00f1\u00f3 la mayor tasa de actividad y de empleo que hubo en el lapso se\u00f1alado, ya que se considera desocupado a aquella persona que no cuenta con una ocupaci\u00f3n pero que se encuentra abocado a la b\u00fasqueda de un empleo.<\/p>\n<p>Los datos de la Ciudad de Buenos Aires se dieron a conocer con una semana de anticipaci\u00f3n al reporte que dar\u00e1 a conocer el 20 de marzo el Instituto Nacional de Estad\u00edstica y Censos (Indec) para los 31 aglomerados urbanos relevados.<\/p>\n<p>El informe de Idecba dej\u00f3 en evidencia las disparidades regionales y de g\u00e9nero que dominan la realidad socioecon\u00f3mica del distrito, con una mayor desocupaci\u00f3n y menores tasas de empleo y de actividad entre las mujeres y en los habitantes de los barrios del sur de la ciudad.<\/p>\n<p>&nbsp;<\/p>\n<p><strong>Las brechas con el Sur<\/strong><\/p>\n<p>En ese sentido, el 6,7% de desempleo general se compuso con un 5,7% de desocupaci\u00f3n masculina y 7,8% femenina, mientras que en la clasificaci\u00f3n geogr\u00e1fica fue del 4,1% en la Zona Norte, 6,6% en la Zona Centro y 9,2% en la Zona Sur.<\/p>\n<p>Los barrios porte\u00f1os de la Zona Sur est\u00e1n comprendidos en las comunas 4 (Barracas, La Boca, Nueva Pompeya y Parque Patricios), 8 (Villa Soldati, Villa Lugano y Villa Riachuelo), 9 (Parque Avellaneda, Liniers y Mataderos) y 10 (Floresta, Monte Castro, V\u00e9lez S\u00e1rsfield, Versalles, Villa Luro y Villa Real).<\/p>\n<p>La desocupaci\u00f3n de la Zona Sur no es solo la m\u00e1s alta sino tambi\u00e9n la de mayor crecimiento interanual, ya que es un 80,4% m\u00e1s que el 5,1% de octubre-diciembre de 2023, frente a una suba para toda la ciudad del 45,6%.<\/p>\n<p>&nbsp;<\/p>\n<p><strong>Las brechas de g\u00e9nero<\/strong><\/p>\n<p>En el caso de las clasificaciones por g\u00e9nero, adem\u00e1s de la mayor desocupaci\u00f3n femenina, las mujeres tambi\u00e9n est\u00e1n rezagadas en materia de actividad y empleo.<\/p>\n<p>Al respecto, la tasa de actividad fue en el cuarto trimestre del 63,2%, con considerable aumento respecto del 55,1% de doce meses atr\u00e1s, pero con una marcada diferencia entre los varones (70,6%) y las mujeres (56,9%).<\/p>\n<p>En el caso del empleo, el 58,9% global se integr\u00f3 con un 66,6% para los hombres y un 52,5% para las mujeres.<\/p>\n<p>Asimismo, la tasa de subocupaci\u00f3n horaria, del 8,7% para todo el distrito, tuvo un 58% de mujeres y un 42% de varones.<\/p>\n<p>&nbsp;<\/p>\n<p><strong>Otros aspectos<\/strong><\/p>\n<p>Idecba agreg\u00f3 en su informe que de la poblaci\u00f3n desocupada de la ciudad, estimada en 113.500 personas, el 93% tuvo como \u00faltima ocupaci\u00f3n principal un puesto en el sector privado.<\/p>\n<p>Dentro de ellos, el 85,5% se desempe\u00f1aba en el sector productor de servicios, el 71,3% ten\u00eda un trabajo de baja calificaci\u00f3n (no calificada u operativa) y el 72,8% tuvo una duraci\u00f3n en ese puesto (antig\u00fcedad) no mayor a cinco a\u00f1os.<\/p>\n<p>El 71,7% de la poblaci\u00f3n desocupada trabaj\u00f3 en forma asalariada en su \u00faltima ocupaci\u00f3n y 26,2% como cuenta propia.<\/p>\n<p>El 61,2% de quienes se desempe\u00f1aban en la modalidad asalariada no ten\u00eda registro en la seguridad social y del 38,8% restante qu\u00e9 s\u00ed lo ten\u00eda, a la mayor\u00eda (31,2%) le descontaban para la jubilaci\u00f3n.<\/p>\n<p>Entre quienes trabajaban como asalariados (excluye servicio dom\u00e9stico), el 83,7% perdi\u00f3 su trabajo por causas laborales. En los cuentapropistas, estos motivos representan el 64,4%.<\/p>\n","protected":false},"excerpt":{"rendered":"<p>El desempleo en CABA creci\u00f3 en el \u00faltimo trimestre de 2024. Hay una mayor desocupaci\u00f3n entre las mujeres y en los barrios de la zona sur del distrito &nbsp; &nbsp; La desocupaci\u00f3n en la Ciudad de Buenos Aires alcanz\u00f3 al 6,7% en el cuarto trimestre de 2024, superando en m\u00e1s de dos puntos porcentuales el 4,6% registrado en el mismo per\u00edodo de 2023, de acuerdo con lo informado por el Instituto de Estad\u00edstica y Censos porte\u00f1o (Idecba). El incremento acompa\u00f1\u00f3 la mayor tasa de actividad y de empleo que hubo&#8230;<\/p>\n","protected":false},"author":3,"featured_media":124368,"comment_status":"closed","ping_status":"closed","sticky":false,"template":"","format":"standard","meta":[],"categories":[2],"tags":[],"_links":{"self":[{"href":"https:\/\/www.actualidadadiario.com\/index.php\/wp-json\/wp\/v2\/posts\/126018"}],"collection":[{"href":"https:\/\/www.actualidadadiario.com\/index.php\/wp-json\/wp\/v2\/posts"}],"about":[{"href":"https:\/\/www.actualidadadiario.com\/index.php\/wp-json\/wp\/v2\/types\/post"}],"author":[{"embeddable":true,"href":"https:\/\/www.actualidadadiario.com\/index.php\/wp-json\/wp\/v2\/users\/3"}],"replies":[{"embeddable":true,"href":"https:\/\/www.actualidadadiario.com\/index.php\/wp-json\/wp\/v2\/comments?post=126018"}],"version-history":[{"count":1,"href":"https:\/\/www.actualidadadiario.com\/index.php\/wp-json\/wp\/v2\/posts\/126018\/revisions"}],"predecessor-version":[{"id":126019,"href":"https:\/\/www.actualidadadiario.com\/index.php\/wp-json\/wp\/v2\/posts\/126018\/revisions\/126019"}],"wp:featuredmedia":[{"embeddable":true,"href":"https:\/\/www.actualidadadiario.com\/index.php\/wp-json\/wp\/v2\/media\/124368"}],"wp:attachment":[{"href":"https:\/\/www.actualidadadiario.com\/index.php\/wp-json\/wp\/v2\/media?parent=126018"}],"wp:term":[{"taxonomy":"category","embeddable":true,"href":"https:\/\/www.actualidadadiario.com\/index.php\/wp-json\/wp\/v2\/categories?post=126018"},{"taxonomy":"post_tag","embeddable":true,"href":"https:\/\/www.actualidadadiario.com\/index.php\/wp-json\/wp\/v2\/tags?post=126018"}],"curies":[{"name":"wp","href":"https:\/\/api.w.org\/{rel}","templated":true}]}}