{"id":126002,"date":"2025-03-14T12:22:06","date_gmt":"2025-03-14T15:22:06","guid":{"rendered":"https:\/\/www.actualidadadiario.com\/?p=126002"},"modified":"2025-03-14T12:22:06","modified_gmt":"2025-03-14T15:22:06","slug":"las-universidades-publicas-ratificaron-el-paro-de-48-horas-para-el-lunes-17-y-martes-18","status":"publish","type":"post","link":"https:\/\/www.actualidadadiario.com\/index.php\/2025\/03\/14\/las-universidades-publicas-ratificaron-el-paro-de-48-horas-para-el-lunes-17-y-martes-18\/","title":{"rendered":"Las universidades p\u00fablicas ratificaron el paro de 48 horas para el lunes 17 y martes 18"},"content":{"rendered":"<p style=\"text-align: center;\"><em><strong>El Frente Sindical de Universidades Nacionales dijo que se trata de una \u201crespuesta a las pol\u00edticas implementadas por el Gobierno de Javier Milei, que han generado un impacto devastador&#8221; en las casas de altos estudios. Adem\u00e1s, repudiaron la represi\u00f3n a los jubilados<\/strong><\/em><\/p>\n<p>&nbsp;<\/p>\n<p>&nbsp;<\/p>\n<p>Luego de los desmanes ocurridos el mi\u00e9rcoles 12 de marzo, tanto dentro como fuera del Congreso Nacional, y en medio del contexto de la marcha jubilatoria, el Frente Sindical de las Universidades Nacionales ratific\u00f3 el paro de 48 horas para el lunes 17 y martes 18. La medida es en reclamo de mejoras salariales y presupuestarias, t\u00f3pico que hab\u00edan advertido a principios de marzo, cuando revelaron que se llevar\u00eda a cabo la protesta.<\/p>\n<p>Durante una conferencia de prensa, el secretario General de los docentes de la UTN-FAGDUT, Norberto Heyaca, indic\u00f3: &#8220;Ac\u00e1 est\u00e1 en juego algo m\u00e1s que el salario de los docentes universitarios, ac\u00e1 est\u00e1 en juego la Rep\u00fablica. Durante el Gobierno libertario hemos perdido, sumando las p\u00e9rdidas que tuvimos mes a mes, un total de cuatro sueldos&#8221;.<\/p>\n<p>En la conferencia, los dirigentes gremiales se pronunciaron, adem\u00e1s, sobre la represi\u00f3n que hubo fuera del palacio legislativo el d\u00eda mi\u00e9rcoles 12, y se\u00f1alaron que el actual es &#8220;un contexto signado por la violencia institucional\u201d. &#8220;Por eso, no podemos dejar de expresar nuestra solidaridad con aquellos que fueron v\u00edctimas de la represi\u00f3n\u201d, agregaron.<\/p>\n<p>Sobre el motivo que origin\u00f3 la protesta a principios de marzo, y desde la Federaci\u00f3n Nacional de Docentes Universitarios (CONADU), Federico Montero asegur\u00f3 que las instituciones no tienen presupuesto \u201cpor una decisi\u00f3n pol\u00edtica del Gobierno nacional de no debatirlo en el Congreso\u201d. En esta misma l\u00ednea, manifest\u00f3: \u201cEsto significa que se manejan con una pr\u00f3rroga del presupuesto del a\u00f1o anterior, lo cual no solamente implica consolidar la p\u00e9rdida presupuestaria y salarial que ten\u00edamos sino la completa arbitrariedad en el manejo de los fondos p\u00fablicos, dando lugar a la extorsi\u00f3n por parte del Gobierno respecto de qui\u00e9nes reciben y qui\u00e9nes no\u201d.<\/p>\n<p>Otro de los puntos, intr\u00ednsecamente relacionado, fue la insuficiencia de los incrementos salariales otorgados por la Subsecretar\u00eda de Pol\u00edticas Universitarias (SSPU) este a\u00f1o. Y es que, seg\u00fan explicaron, en enero los trabajadores universitarios tuvieron una suba de 1,5% y de 1,2% para febrero. \u201cFueron impuestos de manera unilateral y no lograron siquiera recuperar la inflaci\u00f3n de dichos meses. Esto sin mencionar lo perdido el a\u00f1o anterior\u201d, remarcaron.<\/p>\n<p>&nbsp;<\/p>\n<p><strong>Un historial de conflictos<\/strong><\/p>\n<p>Las universidades vuelven a endurecer su postura con un nuevo paro previsto para el lunes 17 y martes 18 de marzo, en continuidad con las dos marchas realizadas en defensa de la ley de financiamiento educativo, que fue vetada por el presidente Javier Milei. La medida de fuerza profundiza el conflicto y suma presi\u00f3n al Gobierno en un contexto de creciente tensi\u00f3n.<\/p>\n<p>A lo largo de 2024, las universidades p\u00fablicas manifestaron su preocupaci\u00f3n por la crisis presupuestaria, un reclamo que en un principio fue ignorado por el Gobierno nacional. La falta de respuesta oficial llev\u00f3 a la multitudinaria Marcha Federal Universitaria del 23 de abril, donde la recomposici\u00f3n salarial se posicion\u00f3 como una de las principales exigencias. Cabe resaltar que esta marcha no fue reprimida y los manifestantes pudieron expresarse sin disturbios.<\/p>\n<p>Luego del fracaso de una nueva instancia de negociaci\u00f3n, el Frente Sindical de Universidades Nacionales convoc\u00f3 a un paro de 48 horas los d\u00edas martes 4 y mi\u00e9rcoles 5 de junio. La medida de fuerza estuvo motivada por la denuncia de una p\u00e9rdida del 42% en el poder adquisitivo de los salarios desde diciembre.<\/p>\n<p>El anuncio del paro se produjo un d\u00eda despu\u00e9s de que los rectores universitarios informaran sobre un acuerdo con el Gobierno para actualizar en un 270% los gastos de funcionamiento de las instituciones. No obstante, dicho acuerdo no contempl\u00f3 ninguna mejora en los sueldos docentes, lo que profundiz\u00f3 el conflicto.<\/p>\n<p>Ante la falta de avances en la paritaria, los gremios docentes y no docentes resolvieron una nueva huelga de dos d\u00edas, que tuvo lugar el martes 11 y mi\u00e9rcoles 12 de junio. La medida afect\u00f3 tanto a universidades p\u00fablicas como a colegios preuniversitarios en todo el pa\u00eds y se tom\u00f3 luego de que el Ministerio de Capital Humano no cumpliera con la promesa de presentar una oferta salarial el jueves 6 de junio.<\/p>\n<p>El conflicto continu\u00f3 en agosto con un paro docente de 72 horas entre el 12 y el 14 de ese mes, en respuesta a la \u00faltima propuesta salarial del Gobierno. D\u00edas despu\u00e9s, la situaci\u00f3n se repiti\u00f3 con otra medida de fuerza que se extendi\u00f3 durante el 20 y 21 de agosto, evidenciando la persistencia del reclamo en un contexto de creciente tensi\u00f3n en el \u00e1mbito universitario.<\/p>\n","protected":false},"excerpt":{"rendered":"<p>El Frente Sindical de Universidades Nacionales dijo que se trata de una \u201crespuesta a las pol\u00edticas implementadas por el Gobierno de Javier Milei, que han generado un impacto devastador&#8221; en las casas de altos estudios. Adem\u00e1s, repudiaron la represi\u00f3n a los jubilados &nbsp; &nbsp; Luego de los desmanes ocurridos el mi\u00e9rcoles 12 de marzo, tanto dentro como fuera del Congreso Nacional, y en medio del contexto de la marcha jubilatoria, el Frente Sindical de las Universidades Nacionales ratific\u00f3 el paro de 48 horas para el lunes 17 y martes 18&#8230;.<\/p>\n","protected":false},"author":3,"featured_media":125635,"comment_status":"closed","ping_status":"closed","sticky":false,"template":"","format":"standard","meta":[],"categories":[18],"tags":[],"_links":{"self":[{"href":"https:\/\/www.actualidadadiario.com\/index.php\/wp-json\/wp\/v2\/posts\/126002"}],"collection":[{"href":"https:\/\/www.actualidadadiario.com\/index.php\/wp-json\/wp\/v2\/posts"}],"about":[{"href":"https:\/\/www.actualidadadiario.com\/index.php\/wp-json\/wp\/v2\/types\/post"}],"author":[{"embeddable":true,"href":"https:\/\/www.actualidadadiario.com\/index.php\/wp-json\/wp\/v2\/users\/3"}],"replies":[{"embeddable":true,"href":"https:\/\/www.actualidadadiario.com\/index.php\/wp-json\/wp\/v2\/comments?post=126002"}],"version-history":[{"count":1,"href":"https:\/\/www.actualidadadiario.com\/index.php\/wp-json\/wp\/v2\/posts\/126002\/revisions"}],"predecessor-version":[{"id":126003,"href":"https:\/\/www.actualidadadiario.com\/index.php\/wp-json\/wp\/v2\/posts\/126002\/revisions\/126003"}],"wp:featuredmedia":[{"embeddable":true,"href":"https:\/\/www.actualidadadiario.com\/index.php\/wp-json\/wp\/v2\/media\/125635"}],"wp:attachment":[{"href":"https:\/\/www.actualidadadiario.com\/index.php\/wp-json\/wp\/v2\/media?parent=126002"}],"wp:term":[{"taxonomy":"category","embeddable":true,"href":"https:\/\/www.actualidadadiario.com\/index.php\/wp-json\/wp\/v2\/categories?post=126002"},{"taxonomy":"post_tag","embeddable":true,"href":"https:\/\/www.actualidadadiario.com\/index.php\/wp-json\/wp\/v2\/tags?post=126002"}],"curies":[{"name":"wp","href":"https:\/\/api.w.org\/{rel}","templated":true}]}}