{"id":125997,"date":"2025-03-14T12:19:46","date_gmt":"2025-03-14T15:19:46","guid":{"rendered":"https:\/\/www.actualidadadiario.com\/?p=125997"},"modified":"2025-03-14T12:19:46","modified_gmt":"2025-03-14T15:19:46","slug":"cual-es-el-cronograma-oficial-para-las-elecciones-2025-sin-paso","status":"publish","type":"post","link":"https:\/\/www.actualidadadiario.com\/index.php\/2025\/03\/14\/cual-es-el-cronograma-oficial-para-las-elecciones-2025-sin-paso\/","title":{"rendered":"Cu\u00e1l es el cronograma oficial para las elecciones 2025 sin PASO"},"content":{"rendered":"<p style=\"text-align: center;\"><em><strong>A trav\u00e9s de una acordada extraordinaria, la Justicia electoral confirm\u00f3 que las elecciones legislativas nacionales, en las que se elegir\u00e1n 24 senadores en 8 provincias y 123 diputados, ser\u00e1n el 26 de octubre. El resto de las fechas<\/strong><\/em><\/p>\n<p>&nbsp;<\/p>\n<p>&nbsp;<\/p>\n<p>La C\u00e1mara Nacional Electoral oficializ\u00f3 el cronograma electoral nacional del 2025, que tendr\u00e1 como hecho principal las elecciones legislativas, cuya fecha de realizaci\u00f3n ser\u00e1 el domingo 26 de octubre.<\/p>\n<p>Tras la suspensi\u00f3n de las Primarias Abiertas, Simult\u00e1neas y Obligatorias (PASO) por parte del Congreso, se establecieron los nuevos d\u00edas para los cierres de alianzas, la presentaci\u00f3n de las candidaturas y constituci\u00f3n de las juntas electorales, entre otras.<\/p>\n<p>A trav\u00e9s de una acordada extraordinaria, la Justicia electoral confirm\u00f3 que las elecciones legislativas nacionales, en las que se elegir\u00e1n 24 senadores en 8 provincias y 123 diputados, ser\u00e1n el 26 de octubre.<\/p>\n<p>En el documento, se establece adem\u00e1s que el 7 de agosto ser\u00e1 la fecha l\u00edmite para la presentaci\u00f3n de las alianzas, mientras que diez d\u00edas despu\u00e9s, el 17, deber\u00e1n formalizarse las candidaturas y las listas.<\/p>\n<p>Posteriormente, el 27 de agosto, es decir, 60 d\u00edas antes de la elecci\u00f3n, comenzar\u00e1n de manera oficial las campa\u00f1as. Las mismas deber\u00e1n finalizar el 24 de octubre, 48 horas antes de la elecci\u00f3n, cuando se iniciar\u00e1 la veda.<\/p>\n<p>En tanto, el 1 de septiembre se realizar\u00e1 la audiencia p\u00fablica para exhibir dise\u00f1o de la Boleta \u00danica Papel con la oferta electoral. Se aprobar\u00e1n s\u00edmbolos partidarios, denominaci\u00f3n, fotograf\u00eda de candidatos y candidatas entregadas y dem\u00e1s requisitos.<\/p>\n<p>Estos comicios marcar\u00e1n el debut de la Boleta \u00danica Papel (BUP), cuya implementaci\u00f3n a nivel nacional fue impulsada por el Gobierno y aprobada por el Congreso. La reforma electoral se complet\u00f3 con la suspensi\u00f3n de las PASO, camino que ya siguieron otras provincias como Salta, Chaco, Jujuy, Catamarca, San Luis y CABA.<\/p>\n<p>El 13 de septiembre, adem\u00e1s, finalizar\u00e1 el plazo para asignar espacios de publicidad en medios de comunicaci\u00f3n Audiovisual por sorteo p\u00fablico DINE y el 16 ser\u00e1 la impresi\u00f3n y publicaci\u00f3n de los padrones definitivos.<\/p>\n","protected":false},"excerpt":{"rendered":"<p>A trav\u00e9s de una acordada extraordinaria, la Justicia electoral confirm\u00f3 que las elecciones legislativas nacionales, en las que se elegir\u00e1n 24 senadores en 8 provincias y 123 diputados, ser\u00e1n el 26 de octubre. El resto de las fechas &nbsp; &nbsp; La C\u00e1mara Nacional Electoral oficializ\u00f3 el cronograma electoral nacional del 2025, que tendr\u00e1 como hecho principal las elecciones legislativas, cuya fecha de realizaci\u00f3n ser\u00e1 el domingo 26 de octubre. Tras la suspensi\u00f3n de las Primarias Abiertas, Simult\u00e1neas y Obligatorias (PASO) por parte del Congreso, se establecieron los nuevos d\u00edas para&#8230;<\/p>\n","protected":false},"author":3,"featured_media":92253,"comment_status":"closed","ping_status":"closed","sticky":false,"template":"","format":"standard","meta":[],"categories":[9],"tags":[],"_links":{"self":[{"href":"https:\/\/www.actualidadadiario.com\/index.php\/wp-json\/wp\/v2\/posts\/125997"}],"collection":[{"href":"https:\/\/www.actualidadadiario.com\/index.php\/wp-json\/wp\/v2\/posts"}],"about":[{"href":"https:\/\/www.actualidadadiario.com\/index.php\/wp-json\/wp\/v2\/types\/post"}],"author":[{"embeddable":true,"href":"https:\/\/www.actualidadadiario.com\/index.php\/wp-json\/wp\/v2\/users\/3"}],"replies":[{"embeddable":true,"href":"https:\/\/www.actualidadadiario.com\/index.php\/wp-json\/wp\/v2\/comments?post=125997"}],"version-history":[{"count":1,"href":"https:\/\/www.actualidadadiario.com\/index.php\/wp-json\/wp\/v2\/posts\/125997\/revisions"}],"predecessor-version":[{"id":125998,"href":"https:\/\/www.actualidadadiario.com\/index.php\/wp-json\/wp\/v2\/posts\/125997\/revisions\/125998"}],"wp:featuredmedia":[{"embeddable":true,"href":"https:\/\/www.actualidadadiario.com\/index.php\/wp-json\/wp\/v2\/media\/92253"}],"wp:attachment":[{"href":"https:\/\/www.actualidadadiario.com\/index.php\/wp-json\/wp\/v2\/media?parent=125997"}],"wp:term":[{"taxonomy":"category","embeddable":true,"href":"https:\/\/www.actualidadadiario.com\/index.php\/wp-json\/wp\/v2\/categories?post=125997"},{"taxonomy":"post_tag","embeddable":true,"href":"https:\/\/www.actualidadadiario.com\/index.php\/wp-json\/wp\/v2\/tags?post=125997"}],"curies":[{"name":"wp","href":"https:\/\/api.w.org\/{rel}","templated":true}]}}