{"id":125990,"date":"2025-03-14T12:16:09","date_gmt":"2025-03-14T15:16:09","guid":{"rendered":"https:\/\/www.actualidadadiario.com\/?p=125990"},"modified":"2025-03-14T12:16:09","modified_gmt":"2025-03-14T15:16:09","slug":"pronostican-la-vuelta-del-fenomeno-nino-anticipan-cuando-impactaran-las-fuertes-lluvias-en-argentina","status":"publish","type":"post","link":"https:\/\/www.actualidadadiario.com\/index.php\/2025\/03\/14\/pronostican-la-vuelta-del-fenomeno-nino-anticipan-cuando-impactaran-las-fuertes-lluvias-en-argentina\/","title":{"rendered":"Pronostican la vuelta del fen\u00f3meno \u201cNi\u00f1o\u201d: Anticipan cu\u00e1ndo impactar\u00e1n las fuertes lluvias en Argentina"},"content":{"rendered":"<p style=\"text-align: center;\"><em><strong>La campa\u00f1a agr\u00edcola 2025\/26 en la regi\u00f3n pampeana y litoral promete desarrollarse en un contexto de condiciones clim\u00e1ticas favorables gracias al fen\u00f3meno de El Ni\u00f1o, que traer\u00e1 lluvias promedio a las zonas. Esta afirmaci\u00f3n fue realizada por el climat\u00f3logo Eduardo Sierra, quien disert\u00f3 en una jornada durante la Expoagro. En su intervenci\u00f3n, destac\u00f3 que el pr\u00f3ximo ciclo agr\u00edcola ser\u00e1 alentador, bas\u00e1ndose en las condiciones que se perfilan para la regi\u00f3n<\/strong><\/em><\/p>\n<p>&nbsp;<\/p>\n<p>&nbsp;<\/p>\n<p>\u00abCon un episodio c\u00e1lido en el Pac\u00edfico ecuatorial, que es un fen\u00f3meno Ni\u00f1o, que podr\u00eda ser parecido a la temporada 2023\/24, con lluvias fuertes, pero que en definitiva, ofrecen un balance positivo\u00bb, se\u00f1al\u00f3 el experto. El ciclo de mayores precipitaciones se dar\u00eda a partir de la pr\u00f3xima primavera.<\/p>\n<p>Adem\u00e1s, el climat\u00f3logo hizo hincapi\u00e9 en la importancia de utilizar la tecnolog\u00eda agr\u00edcola disponible en el pa\u00eds para aprovechar al m\u00e1ximo las buenas condiciones clim\u00e1ticas. \u201cUtilizar la tecnolog\u00eda con que cuenta el campo argentino y hacer bien las cuentas. Por lo pronto, tenemos que seguir produciendo, tenemos la tecnolog\u00eda, con m\u00e1rgenes muy estrechos, pero por suerte en la pr\u00f3xima campa\u00f1a el clima acompa\u00f1ar\u00e1\u201d, indic\u00f3, sugiriendo que la mejora en las condiciones del tiempo ser\u00e1 un aliciente para la producci\u00f3n agr\u00edcola en el pa\u00eds.<\/p>\n<p>Sierra tambi\u00e9n repas\u00f3 el contexto clim\u00e1tico reciente y destac\u00f3 que la agricultura argentina ha atravesado dificultades durante los \u00faltimos a\u00f1os. \u201cEn los \u00faltimos a\u00f1os hubo tres campa\u00f1as consecutivas malas (entre el 2020 y el 2023) y una bastante buena, como la 2023\/24, mientras que la pr\u00f3xima ser\u00e1, en principio, favorable para la producci\u00f3n\u201d, se\u00f1al\u00f3 el climat\u00f3logo. En particular, reconoci\u00f3 que las sequ\u00edas y las altas temperaturas de los \u00faltimos a\u00f1os afectaron la producci\u00f3n, aunque se logr\u00f3 mitigar en parte el impacto gracias a la tecnolog\u00eda aplicada en el agro argentino.<\/p>\n<p>En este sentido, subray\u00f3 que el pa\u00eds cuenta con una de las tecnolog\u00edas m\u00e1s avanzadas para enfrentar estos desaf\u00edos, lo que ha permitido contrarrestar los efectos adversos del clima. Sin embargo, aclar\u00f3 que a pesar de estos avances, \u201cestamos teniendo constantemente p\u00e9rdidas en la producci\u00f3n potencial\u201d debido a fen\u00f3menos meteorol\u00f3gicos extremos como sequ\u00edas y olas de calor. Seg\u00fan el experto, la pr\u00f3xima campa\u00f1a ser\u00e1 una oportunidad para recuperar el terreno perdido durante estos a\u00f1os complicados.<\/p>\n<p>&nbsp;<\/p>\n<p><strong>Cambio clim\u00e1tico y sus efectos en el ciclo de lluvias<\/strong><\/p>\n<p>En su an\u00e1lisis, Sierra tambi\u00e9n reflexion\u00f3 sobre los fen\u00f3menos clim\u00e1ticos que han afectado a la regi\u00f3n en el \u00faltimo tiempo. \u201cLa campa\u00f1a 2024\/25 fue signada por un episodio de la Ni\u00f1a que en el \u00e1rea agr\u00edcola principal de Argentina tiene efectos negativos\u201d, coment\u00f3. De acuerdo con el climat\u00f3logo, la sequ\u00eda de diciembre y enero afect\u00f3 gravemente la producci\u00f3n, aunque las lluvias de febrero y marzo trajeron alivio, con eventos significativos como las inundaciones en Bah\u00eda Blanca y fuertes lluvias en el centro de la provincia de Buenos Aires. Sin embargo, alert\u00f3 que este cambio repentino de condiciones podr\u00eda complicar la cosecha.<\/p>\n<p>Sierra tambi\u00e9n habl\u00f3 sobre el impacto del cambio clim\u00e1tico a nivel global y c\u00f3mo se refleja en fen\u00f3menos como las sequ\u00edas seguidas de inundaciones. \u00abSon parte de un proceso de cambio clim\u00e1tico que afecta a todo el globo\u00bb, asegur\u00f3. A pesar de que el calentamiento global es una preocupaci\u00f3n creciente, el especialista explic\u00f3 que las caracter\u00edsticas naturales de la regi\u00f3n tambi\u00e9n juegan un papel fundamental en estos fen\u00f3menos, principalmente en el ciclo de lluvias de Sudam\u00e9rica.<\/p>\n","protected":false},"excerpt":{"rendered":"<p>La campa\u00f1a agr\u00edcola 2025\/26 en la regi\u00f3n pampeana y litoral promete desarrollarse en un contexto de condiciones clim\u00e1ticas favorables gracias al fen\u00f3meno de El Ni\u00f1o, que traer\u00e1 lluvias promedio a las zonas. Esta afirmaci\u00f3n fue realizada por el climat\u00f3logo Eduardo Sierra, quien disert\u00f3 en una jornada durante la Expoagro. En su intervenci\u00f3n, destac\u00f3 que el pr\u00f3ximo ciclo agr\u00edcola ser\u00e1 alentador, bas\u00e1ndose en las condiciones que se perfilan para la regi\u00f3n &nbsp; &nbsp; \u00abCon un episodio c\u00e1lido en el Pac\u00edfico ecuatorial, que es un fen\u00f3meno Ni\u00f1o, que podr\u00eda ser parecido a&#8230;<\/p>\n","protected":false},"author":3,"featured_media":39273,"comment_status":"closed","ping_status":"closed","sticky":false,"template":"","format":"standard","meta":[],"categories":[2],"tags":[],"_links":{"self":[{"href":"https:\/\/www.actualidadadiario.com\/index.php\/wp-json\/wp\/v2\/posts\/125990"}],"collection":[{"href":"https:\/\/www.actualidadadiario.com\/index.php\/wp-json\/wp\/v2\/posts"}],"about":[{"href":"https:\/\/www.actualidadadiario.com\/index.php\/wp-json\/wp\/v2\/types\/post"}],"author":[{"embeddable":true,"href":"https:\/\/www.actualidadadiario.com\/index.php\/wp-json\/wp\/v2\/users\/3"}],"replies":[{"embeddable":true,"href":"https:\/\/www.actualidadadiario.com\/index.php\/wp-json\/wp\/v2\/comments?post=125990"}],"version-history":[{"count":1,"href":"https:\/\/www.actualidadadiario.com\/index.php\/wp-json\/wp\/v2\/posts\/125990\/revisions"}],"predecessor-version":[{"id":125991,"href":"https:\/\/www.actualidadadiario.com\/index.php\/wp-json\/wp\/v2\/posts\/125990\/revisions\/125991"}],"wp:featuredmedia":[{"embeddable":true,"href":"https:\/\/www.actualidadadiario.com\/index.php\/wp-json\/wp\/v2\/media\/39273"}],"wp:attachment":[{"href":"https:\/\/www.actualidadadiario.com\/index.php\/wp-json\/wp\/v2\/media?parent=125990"}],"wp:term":[{"taxonomy":"category","embeddable":true,"href":"https:\/\/www.actualidadadiario.com\/index.php\/wp-json\/wp\/v2\/categories?post=125990"},{"taxonomy":"post_tag","embeddable":true,"href":"https:\/\/www.actualidadadiario.com\/index.php\/wp-json\/wp\/v2\/tags?post=125990"}],"curies":[{"name":"wp","href":"https:\/\/api.w.org\/{rel}","templated":true}]}}